{"id":45221,"date":"2026-04-27T23:40:33","date_gmt":"2026-04-28T02:40:33","guid":{"rendered":"https:\/\/www.elpolitologoyelpolitico.com.ar\/wordpress\/?p=45221"},"modified":"2026-04-27T23:40:34","modified_gmt":"2026-04-28T02:40:34","slug":"milagro-en-bariloche-un-bebe-sobrevivio-a-una-caida-de-15-metros-por-una-ladera-y-la-justicia-investiga-a-sus-padres-por-negligencia","status":"publish","type":"post","link":"https:\/\/www.elpolitologoyelpolitico.com.ar\/wordpress\/2026\/04\/27\/milagro-en-bariloche-un-bebe-sobrevivio-a-una-caida-de-15-metros-por-una-ladera-y-la-justicia-investiga-a-sus-padres-por-negligencia\/","title":{"rendered":"Milagro en Bariloche: un beb\u00e9 sobrevivi\u00f3 a una ca\u00edda de 15 metros por una ladera y la Justicia investiga a sus padres por negligencia"},"content":{"rendered":"\n<p>Lo que deb\u00eda ser una tarde de esparcimiento y contacto con la naturaleza termin\u00f3 en una pesadilla con ribetes milagrosos para una familia de origen ruso en San Carlos de Bariloche. Un beb\u00e9 de apenas 18 meses sobrevivi\u00f3 tras rodar aproximadamente 15 metros por una zona rocosa del Cerro Ventana, luego de que la mochila t\u00e9cnica en la que era transportado se desprendiera.<\/p>\n\n\n\n<p id=\"p-rc_cd3dc672a0de2934-21\">El hecho se produjo el pasado domingo alrededor de las 18:00 horas. Seg\u00fan el reporte oficial, el matrimonio integrado por I.I. (23) y C.I.M., residentes en el pa\u00eds, se encontraba realizando trekking en un sector del cerro que, de acuerdo con fuentes rescatistas, presenta dificultades t\u00e9cnicas y carece de se\u00f1alizaci\u00f3n oficial habilitada.<\/p>\n\n\n\n<p>Por motivos que a\u00fan son materia de investigaci\u00f3n, la mochila porta-beb\u00e9 se solt\u00f3 de la madre, provocando que el ni\u00f1o cayera y rodara por la pendiente. En un acto de desesperaci\u00f3n, la mujer se arroj\u00f3 tras su hijo para intentar detener el descenso.<\/p>\n\n\n\n<p>Testigos que presenciaron la escena alertaron de inmediato al 911. Al llegar al lugar, personal de la Polic\u00eda de R\u00edo Negro, Protecci\u00f3n Civil y Parques Nacionales constataron que el peque\u00f1o hab\u00eda sufrido golpes en la cabeza y un sangrado nasal, aunque se mantuvo consciente en todo momento. Los especialistas coinciden en que la propia estructura de la mochila t\u00e9cnica actu\u00f3 como un \u00abescudo\u00bb, amortiguando los impactos contra las rocas y evitando lesiones que podr\u00edan haber sido fatales.<\/p>\n\n\n\n<p id=\"p-rc_cd3dc672a0de2934-23\">El menor fue trasladado de urgencia al Hospital Zonal de Bariloche (HZB). El director del centro de salud, V\u00edctor Parodi, confirm\u00f3 que el estado general del ni\u00f1o es bueno y que permanece en observaci\u00f3n bajo estudios complementarios para evaluar el traumatismo facial.<\/p>\n\n\n\n<p>A pesar de que el ni\u00f1o est\u00e1 fuera de peligro, el fiscal de turno, Guillermo Lista, orden\u00f3 el inicio de una causa penal por presunta negligencia. Como parte de las medidas judiciales, la polic\u00eda secuestr\u00f3 la mochila porta-beb\u00e9, la cual ser\u00e1 sometida a peritajes t\u00e9cnicos para determinar si el accidente se debi\u00f3 a una falla estructural del producto o a una colocaci\u00f3n deficiente por parte de los progenitores.<\/p>\n\n\n\n<p>Las autoridades locales reiteraron la importancia de utilizar senderos habilitados y extremar las medidas de seguridad al realizar actividades de monta\u00f1a con menores, especialmente en zonas de terreno irregular donde el riesgo de accidentes se incrementa considerablemente.<\/p>\n<div class=\"fb-background-color\">\n\t\t\t  <div \n\t\t\t  \tclass = \"fb-comments\" \n\t\t\t  \tdata-href = \"https:\/\/www.elpolitologoyelpolitico.com.ar\/wordpress\/2026\/04\/27\/milagro-en-bariloche-un-bebe-sobrevivio-a-una-caida-de-15-metros-por-una-ladera-y-la-justicia-investiga-a-sus-padres-por-negligencia\/\"\n\t\t\t  \tdata-numposts = \"10\"\n\t\t\t  \tdata-lazy = \"true\"\n\t\t\t\tdata-colorscheme = \"light\"\n\t\t\t\tdata-order-by = \"social\"\n\t\t\t\tdata-mobile=true>\n\t\t\t  <\/div><\/div>\n\t\t  <style>\n\t\t    .fb-background-color {\n\t\t\t\tbackground: #ffffff !important;\n\t\t\t}\n\t\t\t.fb_iframe_widget_fluid_desktop iframe {\n\t\t\t    width: 100% !important;\n\t\t\t}\n\t\t  <\/style>\n\t\t  ","protected":false},"excerpt":{"rendered":"<p>Lo que deb\u00eda ser una tarde de esparcimiento y contacto con la naturaleza termin\u00f3 en una pesadilla con ribetes milagrosos para una familia de origen ruso en San Carlos de Bariloche. Un beb\u00e9 de apenas 18 meses sobrevivi\u00f3 tras rodar aproximadamente 15 metros por una zona rocosa del Cerro Ventana, luego de que la mochila [&hellip;]<\/p>\n","protected":false},"author":4,"featured_media":45222,"comment_status":"closed","ping_status":"closed","sticky":false,"template":"","format":"standard","meta":{"_joinchat":[],"footnotes":""},"categories":[39],"tags":[],"class_list":["post-45221","post","type-post","status-publish","format-standard","has-post-thumbnail","hentry","category-en-esta-seccion"],"_links":{"self":[{"href":"https:\/\/www.elpolitologoyelpolitico.com.ar\/wordpress\/wp-json\/wp\/v2\/posts\/45221","targetHints":{"allow":["GET"]}}],"collection":[{"href":"https:\/\/www.elpolitologoyelpolitico.com.ar\/wordpress\/wp-json\/wp\/v2\/posts"}],"about":[{"href":"https:\/\/www.elpolitologoyelpolitico.com.ar\/wordpress\/wp-json\/wp\/v2\/types\/post"}],"author":[{"embeddable":true,"href":"https:\/\/www.elpolitologoyelpolitico.com.ar\/wordpress\/wp-json\/wp\/v2\/users\/4"}],"replies":[{"embeddable":true,"href":"https:\/\/www.elpolitologoyelpolitico.com.ar\/wordpress\/wp-json\/wp\/v2\/comments?post=45221"}],"version-history":[{"count":1,"href":"https:\/\/www.elpolitologoyelpolitico.com.ar\/wordpress\/wp-json\/wp\/v2\/posts\/45221\/revisions"}],"predecessor-version":[{"id":45223,"href":"https:\/\/www.elpolitologoyelpolitico.com.ar\/wordpress\/wp-json\/wp\/v2\/posts\/45221\/revisions\/45223"}],"wp:featuredmedia":[{"embeddable":true,"href":"https:\/\/www.elpolitologoyelpolitico.com.ar\/wordpress\/wp-json\/wp\/v2\/media\/45222"}],"wp:attachment":[{"href":"https:\/\/www.elpolitologoyelpolitico.com.ar\/wordpress\/wp-json\/wp\/v2\/media?parent=45221"}],"wp:term":[{"taxonomy":"category","embeddable":true,"href":"https:\/\/www.elpolitologoyelpolitico.com.ar\/wordpress\/wp-json\/wp\/v2\/categories?post=45221"},{"taxonomy":"post_tag","embeddable":true,"href":"https:\/\/www.elpolitologoyelpolitico.com.ar\/wordpress\/wp-json\/wp\/v2\/tags?post=45221"}],"curies":[{"name":"wp","href":"https:\/\/api.w.org\/{rel}","templated":true}]}}