{"id":45218,"date":"2026-04-27T23:19:16","date_gmt":"2026-04-28T02:19:16","guid":{"rendered":"https:\/\/www.elpolitologoyelpolitico.com.ar\/wordpress\/?p=45218"},"modified":"2026-04-27T23:19:18","modified_gmt":"2026-04-28T02:19:18","slug":"alerta-meteorologica-en-el-norte-patagonico-rafagas-de-90-km-h-y-fuertes-lluvias-para-este-martes","status":"publish","type":"post","link":"https:\/\/www.elpolitologoyelpolitico.com.ar\/wordpress\/2026\/04\/27\/alerta-meteorologica-en-el-norte-patagonico-rafagas-de-90-km-h-y-fuertes-lluvias-para-este-martes\/","title":{"rendered":"Alerta meteorol\u00f3gica en el Norte Patag\u00f3nico: r\u00e1fagas de 90 km\/h y fuertes lluvias para este martes"},"content":{"rendered":"\n<p>La Patagonia se prepara para una jornada de clima severo este martes 28 de abril. El Servicio Meteorol\u00f3gico Nacional (SMN) ha puesto bajo alerta amarilla a la totalidad de las provincias de Neuqu\u00e9n y R\u00edo Negro, debido a un frente que combinar\u00e1 vientos intensos, lluvias persistentes y probables nevadas en las zonas m\u00e1s altas de la cordillera.<\/p>\n\n\n\n<p>Seg\u00fan el informe t\u00e9cnico, se esperan vientos constantes del sector oeste con velocidades de entre 50 y 70 km\/h. Sin embargo, lo m\u00e1s preocupante son las r\u00e1fagas, que podr\u00edan alcanzar e incluso superar los 90 km\/h de forma localizada.<\/p>\n\n\n\n<p id=\"p-rc_180f34d63db3335b-22\">Si bien el viento estar\u00e1 presente durante gran parte del d\u00eda, el SMN precis\u00f3 que el \u00abpeor horario\u00bb ser\u00e1 durante la noche, momento en el cual las r\u00e1fagas alcanzar\u00e1n su m\u00e1xima intensidad en todo el territorio de ambas provincias, incluyendo el Alto Valle y la zona de la meseta.<\/p>\n\n\n\n<p>El fen\u00f3meno tambi\u00e9n vendr\u00e1 acompa\u00f1ado de precipitaciones de variada intensidad. Se estiman acumulados de agua de entre 15 y 30 mm, aunque en sectores puntuales de la monta\u00f1a estas cifras podr\u00edan ser mayores.<\/p>\n\n\n\n<ul class=\"wp-block-list\">\n<li>En R\u00edo Negro: La alerta por lluvia rige principalmente durante la tarde en Bariloche y las zonas cordilleranas de Pilcaniyeu y \u00d1orquinc\u00f3.<\/li>\n<\/ul>\n\n\n\n<ul class=\"wp-block-list\">\n<li>En Neuqu\u00e9n: El periodo de mayor ca\u00edda de agua se extender\u00e1 desde la tarde hasta la noche, afectando a Los Lagos, Huiliches, L\u00e1car, Alumin\u00e9 y Chos Malal.<\/li>\n<\/ul>\n\n\n\n<p>En las zonas de mayor altitud, se espera que las precipitaciones se transformen en nieve, lo que podr\u00eda generar complicaciones adicionales en las rutas cordilleranas.<\/p>\n\n\n\n<p>Ante este escenario, las autoridades de Protecci\u00f3n Civil y Parques Nacionales han solicitado a la poblaci\u00f3n:<\/p>\n\n\n\n<ol class=\"wp-block-list\">\n<li>Evitar actividades al aire libre, especialmente en \u00e1reas boscosas o de monta\u00f1a por riesgo de ca\u00edda de ramas y \u00e1rboles.<\/li>\n\n\n\n<li>Asegurar elementos en los hogares que puedan ser volados por el viento (chapas, macetas, mobiliario de jard\u00edn).<\/li>\n\n\n\n<li>Consultar el estado de rutas y sendas antes de iniciar cualquier viaje, dada la visibilidad reducida por lluvia y las r\u00e1fagas laterales en caminos abiertos.<\/li>\n<\/ol>\n\n\n\n<p>Se espera que las condiciones comiencen a estabilizarse gradualmente hacia la madrugada del mi\u00e9rcoles, aunque el fr\u00edo persistir\u00e1 en toda la regi\u00f3n.<\/p>\n<div class=\"fb-background-color\">\n\t\t\t  <div \n\t\t\t  \tclass = \"fb-comments\" \n\t\t\t  \tdata-href = \"https:\/\/www.elpolitologoyelpolitico.com.ar\/wordpress\/2026\/04\/27\/alerta-meteorologica-en-el-norte-patagonico-rafagas-de-90-km-h-y-fuertes-lluvias-para-este-martes\/\"\n\t\t\t  \tdata-numposts = \"10\"\n\t\t\t  \tdata-lazy = \"true\"\n\t\t\t\tdata-colorscheme = \"light\"\n\t\t\t\tdata-order-by = \"social\"\n\t\t\t\tdata-mobile=true>\n\t\t\t  <\/div><\/div>\n\t\t  <style>\n\t\t    .fb-background-color {\n\t\t\t\tbackground: #ffffff !important;\n\t\t\t}\n\t\t\t.fb_iframe_widget_fluid_desktop iframe {\n\t\t\t    width: 100% !important;\n\t\t\t}\n\t\t  <\/style>\n\t\t  ","protected":false},"excerpt":{"rendered":"<p>La Patagonia se prepara para una jornada de clima severo este martes 28 de abril. El Servicio Meteorol\u00f3gico Nacional (SMN) ha puesto bajo alerta amarilla a la totalidad de las provincias de Neuqu\u00e9n y R\u00edo Negro, debido a un frente que combinar\u00e1 vientos intensos, lluvias persistentes y probables nevadas en las zonas m\u00e1s altas de [&hellip;]<\/p>\n","protected":false},"author":4,"featured_media":45219,"comment_status":"closed","ping_status":"closed","sticky":false,"template":"","format":"standard","meta":{"_joinchat":[],"footnotes":""},"categories":[39],"tags":[],"class_list":["post-45218","post","type-post","status-publish","format-standard","has-post-thumbnail","hentry","category-en-esta-seccion"],"_links":{"self":[{"href":"https:\/\/www.elpolitologoyelpolitico.com.ar\/wordpress\/wp-json\/wp\/v2\/posts\/45218","targetHints":{"allow":["GET"]}}],"collection":[{"href":"https:\/\/www.elpolitologoyelpolitico.com.ar\/wordpress\/wp-json\/wp\/v2\/posts"}],"about":[{"href":"https:\/\/www.elpolitologoyelpolitico.com.ar\/wordpress\/wp-json\/wp\/v2\/types\/post"}],"author":[{"embeddable":true,"href":"https:\/\/www.elpolitologoyelpolitico.com.ar\/wordpress\/wp-json\/wp\/v2\/users\/4"}],"replies":[{"embeddable":true,"href":"https:\/\/www.elpolitologoyelpolitico.com.ar\/wordpress\/wp-json\/wp\/v2\/comments?post=45218"}],"version-history":[{"count":1,"href":"https:\/\/www.elpolitologoyelpolitico.com.ar\/wordpress\/wp-json\/wp\/v2\/posts\/45218\/revisions"}],"predecessor-version":[{"id":45220,"href":"https:\/\/www.elpolitologoyelpolitico.com.ar\/wordpress\/wp-json\/wp\/v2\/posts\/45218\/revisions\/45220"}],"wp:featuredmedia":[{"embeddable":true,"href":"https:\/\/www.elpolitologoyelpolitico.com.ar\/wordpress\/wp-json\/wp\/v2\/media\/45219"}],"wp:attachment":[{"href":"https:\/\/www.elpolitologoyelpolitico.com.ar\/wordpress\/wp-json\/wp\/v2\/media?parent=45218"}],"wp:term":[{"taxonomy":"category","embeddable":true,"href":"https:\/\/www.elpolitologoyelpolitico.com.ar\/wordpress\/wp-json\/wp\/v2\/categories?post=45218"},{"taxonomy":"post_tag","embeddable":true,"href":"https:\/\/www.elpolitologoyelpolitico.com.ar\/wordpress\/wp-json\/wp\/v2\/tags?post=45218"}],"curies":[{"name":"wp","href":"https:\/\/api.w.org\/{rel}","templated":true}]}}