{"id":45204,"date":"2026-04-27T13:56:58","date_gmt":"2026-04-27T16:56:58","guid":{"rendered":"https:\/\/www.elpolitologoyelpolitico.com.ar\/wordpress\/?p=45204"},"modified":"2026-04-27T14:02:50","modified_gmt":"2026-04-27T17:02:50","slug":"seguridad-y-modernizacion-el-club-atenas-instalo-un-sistema-de-monitoreo-en-su-estadio","status":"publish","type":"post","link":"https:\/\/www.elpolitologoyelpolitico.com.ar\/wordpress\/2026\/04\/27\/seguridad-y-modernizacion-el-club-atenas-instalo-un-sistema-de-monitoreo-en-su-estadio\/","title":{"rendered":"Seguridad y modernizaci\u00f3n: el Club Atenas instal\u00f3 un sistema de monitoreo en su estadio"},"content":{"rendered":"\n<figure class=\"wp-block-audio\"><audio controls src=\"https:\/\/www.elpolitologoyelpolitico.com.ar\/wp-content\/uploads\/2026\/04\/2026-04-27-Julio-Cesar-Fiori.mp3\"><\/audio><\/figure>\n\n\n\n<p>En un paso significativo hacia la modernizaci\u00f3n y el resguardo de su comunidad, el Club Atenas de Carmen de Patagones concret\u00f3 la instalaci\u00f3n de un sistema de c\u00e1maras de seguridad en su estadio. La iniciativa, que se encontraba en los planes de la comisi\u00f3n directiva desde el a\u00f1o pasado, busca brindar tranquilidad a las familias y proteger el patrimonio de la instituci\u00f3n ante posibles hechos vand\u00e1licos.<\/p>\n\n\n\n<p>En di\u00e1logo con El Polit\u00f3logo y El Pol\u00edtico, Julio C\u00e9sar Fiori, presidente del club, explic\u00f3 que el proyecto pudo materializarse tras un esfuerzo econ\u00f3mico importante: <strong>\u201cEra una cuesti\u00f3n que lo ven\u00edamos evaluando ya desde el a\u00f1o pasado, queriendo agregar seguridad en todo lo que es el club. Por cuestiones econ\u00f3micas siempre en los clubes ten\u00e9s alguna otra prioridad para hacer, pero siempre estaba en carpeta poder hacerlo y se dio ahora\u201d<\/strong>.<\/p>\n\n\n\n<p>M\u00e1s all\u00e1 de la vigilancia perimetral, el objetivo central de esta inversi\u00f3n tecnol\u00f3gica es el cuidado de los ni\u00f1os, j\u00f3venes y adultos que circulan diariamente por las instalaciones para realizar diversas actividades deportivas.<\/p>\n\n\n\n<p><strong>\u201cM\u00e1s all\u00e1 de la seguridad por alg\u00fan hecho de vandalismo que puede llegar a suceder, tambi\u00e9n es por la seguridad de lo que pasa dentro del club, habiendo tanta circulaci\u00f3n de gente\u201d<\/strong>, se\u00f1al\u00f3 Fiori, y agreg\u00f3: <strong>\u201cEs estar un poquito m\u00e1s protegido y saber qui\u00e9n entra y qui\u00e9n sale por esta circulaci\u00f3n que tenemos con tantas actividades\u201d<\/strong>.<\/p>\n\n\n\n<p>Para el dirigente, esta actualizaci\u00f3n es una respuesta necesaria a los tiempos actuales: <strong>\u201cTenemos que tener el apoyo de la tecnolog\u00eda para estar m\u00e1s seguros. Hoy la tecnolog\u00eda nos lleva puestos a todos, los que somos un poquito m\u00e1s antiguos sobre todo&#8230; pero uno se tiene que ir ayornando a lo que es la \u00e9poca\u201d<\/strong>.<\/p>\n\n\n\n<p>En el plano estrictamente deportivo, el club atraviesa un gran momento competitivo. <strong>\u201cVamos a competir en el Valle con un equipo femenino y un equipo masculino. Si es por competitividad, vamos como primeros en el femenino y segundos en el masculino. As\u00ed que estamos contentos por los chicos porque van con buena expectativa\u201d<\/strong>, destac\u00f3 el presidente con entusiasmo.<\/p>\n\n\n\n<p>Finalmente, se record\u00f3 que las inscripciones para la escuela de b\u00e1squet contin\u00faan abiertas para ni\u00f1os y j\u00f3venes de hasta 17 a\u00f1os. Los interesados pueden acercarse a la secretar\u00eda del club de lunes a viernes, en el horario de 17:00 a 21:00.<\/p>\n\n\n\n<p><strong>\u201cLos chicos siempre se pueden anotar. Los menores hasta 12 a\u00f1os, que es recreativo, podr\u00edan tener actividad cualquier d\u00eda o cualquier fin de semana con alg\u00fan otro club\u201d<\/strong>, concluy\u00f3 Fiori, invitando a la comunidad a seguir sum\u00e1ndose a la vida institucional de Atenas.<\/p>\n<div class=\"fb-background-color\">\n\t\t\t  <div \n\t\t\t  \tclass = \"fb-comments\" \n\t\t\t  \tdata-href = \"https:\/\/www.elpolitologoyelpolitico.com.ar\/wordpress\/2026\/04\/27\/seguridad-y-modernizacion-el-club-atenas-instalo-un-sistema-de-monitoreo-en-su-estadio\/\"\n\t\t\t  \tdata-numposts = \"10\"\n\t\t\t  \tdata-lazy = \"true\"\n\t\t\t\tdata-colorscheme = \"light\"\n\t\t\t\tdata-order-by = \"social\"\n\t\t\t\tdata-mobile=true>\n\t\t\t  <\/div><\/div>\n\t\t  <style>\n\t\t    .fb-background-color {\n\t\t\t\tbackground: #ffffff !important;\n\t\t\t}\n\t\t\t.fb_iframe_widget_fluid_desktop iframe {\n\t\t\t    width: 100% !important;\n\t\t\t}\n\t\t  <\/style>\n\t\t  ","protected":false},"excerpt":{"rendered":"<p>En un paso significativo hacia la modernizaci\u00f3n y el resguardo de su comunidad, el Club Atenas de Carmen de Patagones concret\u00f3 la instalaci\u00f3n de un sistema de c\u00e1maras de seguridad en su estadio. La iniciativa, que se encontraba en los planes de la comisi\u00f3n directiva desde el a\u00f1o pasado, busca brindar tranquilidad a las familias [&hellip;]<\/p>\n","protected":false},"author":4,"featured_media":45205,"comment_status":"closed","ping_status":"closed","sticky":false,"template":"","format":"standard","meta":{"_joinchat":[],"footnotes":""},"categories":[39],"tags":[],"class_list":["post-45204","post","type-post","status-publish","format-standard","has-post-thumbnail","hentry","category-en-esta-seccion"],"_links":{"self":[{"href":"https:\/\/www.elpolitologoyelpolitico.com.ar\/wordpress\/wp-json\/wp\/v2\/posts\/45204","targetHints":{"allow":["GET"]}}],"collection":[{"href":"https:\/\/www.elpolitologoyelpolitico.com.ar\/wordpress\/wp-json\/wp\/v2\/posts"}],"about":[{"href":"https:\/\/www.elpolitologoyelpolitico.com.ar\/wordpress\/wp-json\/wp\/v2\/types\/post"}],"author":[{"embeddable":true,"href":"https:\/\/www.elpolitologoyelpolitico.com.ar\/wordpress\/wp-json\/wp\/v2\/users\/4"}],"replies":[{"embeddable":true,"href":"https:\/\/www.elpolitologoyelpolitico.com.ar\/wordpress\/wp-json\/wp\/v2\/comments?post=45204"}],"version-history":[{"count":3,"href":"https:\/\/www.elpolitologoyelpolitico.com.ar\/wordpress\/wp-json\/wp\/v2\/posts\/45204\/revisions"}],"predecessor-version":[{"id":45210,"href":"https:\/\/www.elpolitologoyelpolitico.com.ar\/wordpress\/wp-json\/wp\/v2\/posts\/45204\/revisions\/45210"}],"wp:featuredmedia":[{"embeddable":true,"href":"https:\/\/www.elpolitologoyelpolitico.com.ar\/wordpress\/wp-json\/wp\/v2\/media\/45205"}],"wp:attachment":[{"href":"https:\/\/www.elpolitologoyelpolitico.com.ar\/wordpress\/wp-json\/wp\/v2\/media?parent=45204"}],"wp:term":[{"taxonomy":"category","embeddable":true,"href":"https:\/\/www.elpolitologoyelpolitico.com.ar\/wordpress\/wp-json\/wp\/v2\/categories?post=45204"},{"taxonomy":"post_tag","embeddable":true,"href":"https:\/\/www.elpolitologoyelpolitico.com.ar\/wordpress\/wp-json\/wp\/v2\/tags?post=45204"}],"curies":[{"name":"wp","href":"https:\/\/api.w.org\/{rel}","templated":true}]}}