{"id":45193,"date":"2026-04-26T13:07:04","date_gmt":"2026-04-26T16:07:04","guid":{"rendered":"https:\/\/www.elpolitologoyelpolitico.com.ar\/wordpress\/?p=45193"},"modified":"2026-04-26T13:11:15","modified_gmt":"2026-04-26T16:11:15","slug":"temporal-en-la-costa-vientos-de-mas-de-100-km-h-azotan-san-antonio-oeste-y-el-puerto","status":"publish","type":"post","link":"https:\/\/www.elpolitologoyelpolitico.com.ar\/wordpress\/2026\/04\/26\/temporal-en-la-costa-vientos-de-mas-de-100-km-h-azotan-san-antonio-oeste-y-el-puerto\/","title":{"rendered":"Vecinos muestran como se vive el temporal en San Antonio Oeste y Puerto del Este"},"content":{"rendered":"\n<p>Un intenso temporal de viento y una persistente sudestada han puesto en vilo a las comunidades de San Antonio Oeste y el Puerto del Este desde las primeras horas de hoy. Seg\u00fan los reportes meteorol\u00f3gicos y los registros de los propios habitantes, las r\u00e1fagas habr\u00edan superado los 100 km\/h, generando complicaciones en la v\u00eda p\u00fablica y un estado de alerta generalizado.<\/p>\n\n\n\n<p>A trav\u00e9s de diversas im\u00e1genes enviadas por los vecinos a los medios locales, se puede observar la magnitud del fen\u00f3meno. El viento ha provocado:<\/p>\n\n\n\n<ul class=\"wp-block-list\">\n<li>Voladura de techos y chapas en sectores perif\u00e9ricos.<\/li>\n\n\n\n<li>Ca\u00edda de ramas y postes de servicios, lo que afect\u00f3 parcialmente el suministro el\u00e9ctrico en algunas zonas.<\/li>\n\n\n\n<li>Grandes marejadas que golpean las defensas costeras, impulsadas por la persistente sudestada.<\/li>\n<\/ul>\n\n\n\n<p>El Servicio Meteorol\u00f3gico mantiene el alerta por sudestada hasta la tarde de hoy. Se espera que, a partir del atardecer, la intensidad de los vientos comience a disminuir gradualmente, aunque las autoridades solicitan a la poblaci\u00f3n extremar las precauciones.<\/p>\n\n\n\n<p><strong>\u00abFue una madrugada muy dif\u00edcil; el ruido del viento era constante y se sent\u00eda el impacto de la arena y el agua contra las ventanas\u00bb<\/strong>, coment\u00f3 un vecino del Puerto del Este.<\/p>\n\n\n\n<p>Desde Defensa Civil se emitieron una serie de consejos para evitar accidentes mientras persista el fen\u00f3meno:<\/p>\n\n\n\n<ol class=\"wp-block-list\">\n<li>Evitar circular por la v\u00eda p\u00fablica si no es estrictamente necesario.<\/li>\n\n\n\n<li>Asegurar elementos que puedan volarse en patios y balcones.<\/li>\n\n\n\n<li>No acercarse a la zona costera debido al fuerte oleaje y la crecida del mar.<\/li>\n\n\n\n<li>Mantenerse informados a trav\u00e9s de los canales oficiales ante posibles cortes de energ\u00eda o bloqueos de rutas.<\/li>\n<\/ol>\n\n\n\n<p>Se espera que para las \u00faltimas horas del d\u00eda el sistema de baja presi\u00f3n se desplace, permitiendo que las cuadrillas municipales comiencen con las tareas de limpieza y reparaci\u00f3n de los da\u00f1os ocasionados por este evento clim\u00e1tico extremo.<\/p>\n<div class=\"fb-background-color\">\n\t\t\t  <div \n\t\t\t  \tclass = \"fb-comments\" \n\t\t\t  \tdata-href = \"https:\/\/www.elpolitologoyelpolitico.com.ar\/wordpress\/2026\/04\/26\/temporal-en-la-costa-vientos-de-mas-de-100-km-h-azotan-san-antonio-oeste-y-el-puerto\/\"\n\t\t\t  \tdata-numposts = \"10\"\n\t\t\t  \tdata-lazy = \"true\"\n\t\t\t\tdata-colorscheme = \"light\"\n\t\t\t\tdata-order-by = \"social\"\n\t\t\t\tdata-mobile=true>\n\t\t\t  <\/div><\/div>\n\t\t  <style>\n\t\t    .fb-background-color {\n\t\t\t\tbackground: #ffffff !important;\n\t\t\t}\n\t\t\t.fb_iframe_widget_fluid_desktop iframe {\n\t\t\t    width: 100% !important;\n\t\t\t}\n\t\t  <\/style>\n\t\t  ","protected":false},"excerpt":{"rendered":"<p>Un intenso temporal de viento y una persistente sudestada han puesto en vilo a las comunidades de San Antonio Oeste y el Puerto del Este desde las primeras horas de hoy. Seg\u00fan los reportes meteorol\u00f3gicos y los registros de los propios habitantes, las r\u00e1fagas habr\u00edan superado los 100 km\/h, generando complicaciones en la v\u00eda p\u00fablica [&hellip;]<\/p>\n","protected":false},"author":4,"featured_media":45194,"comment_status":"closed","ping_status":"closed","sticky":false,"template":"","format":"standard","meta":{"_joinchat":[],"footnotes":""},"categories":[39],"tags":[],"class_list":["post-45193","post","type-post","status-publish","format-standard","has-post-thumbnail","hentry","category-en-esta-seccion"],"_links":{"self":[{"href":"https:\/\/www.elpolitologoyelpolitico.com.ar\/wordpress\/wp-json\/wp\/v2\/posts\/45193","targetHints":{"allow":["GET"]}}],"collection":[{"href":"https:\/\/www.elpolitologoyelpolitico.com.ar\/wordpress\/wp-json\/wp\/v2\/posts"}],"about":[{"href":"https:\/\/www.elpolitologoyelpolitico.com.ar\/wordpress\/wp-json\/wp\/v2\/types\/post"}],"author":[{"embeddable":true,"href":"https:\/\/www.elpolitologoyelpolitico.com.ar\/wordpress\/wp-json\/wp\/v2\/users\/4"}],"replies":[{"embeddable":true,"href":"https:\/\/www.elpolitologoyelpolitico.com.ar\/wordpress\/wp-json\/wp\/v2\/comments?post=45193"}],"version-history":[{"count":3,"href":"https:\/\/www.elpolitologoyelpolitico.com.ar\/wordpress\/wp-json\/wp\/v2\/posts\/45193\/revisions"}],"predecessor-version":[{"id":45197,"href":"https:\/\/www.elpolitologoyelpolitico.com.ar\/wordpress\/wp-json\/wp\/v2\/posts\/45193\/revisions\/45197"}],"wp:featuredmedia":[{"embeddable":true,"href":"https:\/\/www.elpolitologoyelpolitico.com.ar\/wordpress\/wp-json\/wp\/v2\/media\/45194"}],"wp:attachment":[{"href":"https:\/\/www.elpolitologoyelpolitico.com.ar\/wordpress\/wp-json\/wp\/v2\/media?parent=45193"}],"wp:term":[{"taxonomy":"category","embeddable":true,"href":"https:\/\/www.elpolitologoyelpolitico.com.ar\/wordpress\/wp-json\/wp\/v2\/categories?post=45193"},{"taxonomy":"post_tag","embeddable":true,"href":"https:\/\/www.elpolitologoyelpolitico.com.ar\/wordpress\/wp-json\/wp\/v2\/tags?post=45193"}],"curies":[{"name":"wp","href":"https:\/\/api.w.org\/{rel}","templated":true}]}}