{"id":45190,"date":"2026-04-26T10:00:52","date_gmt":"2026-04-26T13:00:52","guid":{"rendered":"https:\/\/www.elpolitologoyelpolitico.com.ar\/wordpress\/?p=45190"},"modified":"2026-04-26T10:00:53","modified_gmt":"2026-04-26T13:00:53","slug":"alerta-en-la-escuela-n30-amenaza-de-tiroteo-activa-protocolos-de-seguridad-y-abre-el-debate-sobre-el-rol-de-las-familias","status":"publish","type":"post","link":"https:\/\/www.elpolitologoyelpolitico.com.ar\/wordpress\/2026\/04\/26\/alerta-en-la-escuela-n30-amenaza-de-tiroteo-activa-protocolos-de-seguridad-y-abre-el-debate-sobre-el-rol-de-las-familias\/","title":{"rendered":"Alerta en la Escuela N\u00b030: Amenaza de tiroteo activa protocolos de seguridad y abre el debate sobre el rol de las familias"},"content":{"rendered":"\n<p>Una jornada de profunda preocupaci\u00f3n se vivi\u00f3 este jueves en las inmediaciones del establecimiento educativo que comparten la Primaria N\u00b0336 (turno ma\u00f1ana), la Primaria N\u00b030 (turno tarde) y la Escuela Secundaria N\u00b01. El hallazgo de una inscripci\u00f3n amenazante en el ba\u00f1o de mujeres del segundo y tercer ciclo encendi\u00f3 las alarmas de directivos y padres.<\/p>\n\n\n\n<p>El mensaje, escrito en una de las paredes, rezaba textualmente: <strong>\u00abMa\u00f1ana tiroteo en la escuela 30\u00bb<\/strong>. Ante la gravedad del hecho, el Equipo Directivo de la EP N\u00b030 emiti\u00f3 un comunicado oficial informando que se activ\u00f3 de inmediato el protocolo de seguridad institucional.<\/p>\n\n\n\n<p><strong>\u00abSe realiz\u00f3 el acta correspondiente y la denuncia formal ante la fiscal\u00eda. La jornada escolar finaliz\u00f3 normalmente, pero nos mantendremos informando ante cualquier novedad\u00bb<\/strong>, detallaron las autoridades en el comunicado difundido a las familias.<\/p>\n\n\n\n<p>A pesar de que las clases no se suspendieron de inmediato tras el hallazgo, el clima de tensi\u00f3n se traslad\u00f3 a los grupos de WhatsApp de padres, donde la preocupaci\u00f3n por la seguridad de los alumnos es total.<\/p>\n\n\n\n<p>A ra\u00edz de este episodio, la comunidad educativa comenz\u00f3 a circular una serie de reflexiones y herramientas dirigidas a los padres de adolescentes. El mensaje, que se volvi\u00f3 viral entre los grupos de la zona, subraya que \u00ab<strong>si no se responsabilizan como padres y familias, la escuela por su cuenta no va a poder solucionar nada\u00bb<\/strong><strong>.<\/strong><\/p>\n\n\n\n<p>Expertos y padres colaboradores destacan que el control del entorno digital es clave en estos tiempos<strong>. \u00abQue tu hijo no salga de casa no significa que est\u00e9 a salvo\u00bb<\/strong>, advierte el texto, haciendo hincapi\u00e9 en la necesidad de supervisar el consumo de redes sociales y chats hasta la mayor\u00eda de edad.<\/p>\n\n\n\n<p>Dentro de la comunidad ha cobrado fuerza una gu\u00eda de consejos pr\u00e1cticos para mejorar la convivencia y prevenir conductas de riesgo en los j\u00f3venes:<\/p>\n\n\n\n<ul class=\"wp-block-list\">\n<li>L\u00edmites y coherencia: Cumplir la palabra empe\u00f1ada y establecer consecuencias claras ante las faltas de respeto.<\/li>\n\n\n\n<li>Control Digital: Uso de herramientas como Family Link para monitorear historial y ubicaci\u00f3n, entendiendo que el celular es un privilegio y no un derecho.<\/li>\n\n\n\n<li>Di\u00e1logo sin juicio: Encontrar momentos diarios para escuchar a los hijos sin criticar de inmediato sus opiniones o amistades.<\/li>\n\n\n\n<li>Responsabilidades en el hogar: Fomentar que realicen quehaceres diarios, aprendan a cocinar y administrar su econom\u00eda.<\/li>\n\n\n\n<li>Presencia emocional: Recordarles diariamente que son amados y que cuentan con el apoyo de sus tutores ante cualquier situaci\u00f3n de alerta.<\/li>\n<\/ul>\n\n\n\n<p>La complejidad del caso aumenta al considerar que el edificio alberga tres instituciones distintas en diferentes turnos. Padres de la Primaria 336 y de la Secundaria 1 tambi\u00e9n han manifestado su inquietud, exigiendo que las medidas de seguridad y los talleres de prevenci\u00f3n se extiendan a toda la comunidad del establecimiento.<\/p>\n\n\n\n<p>Por el momento, la fiscal\u00eda investiga el origen de la inscripci\u00f3n para determinar si se trat\u00f3 de una amenaza real o de una conducta de indisciplina, mientras la escuela intenta recuperar la normalidad bajo una mirada mucho m\u00e1s atenta de padres y docentes.<\/p>\n<div class=\"fb-background-color\">\n\t\t\t  <div \n\t\t\t  \tclass = \"fb-comments\" \n\t\t\t  \tdata-href = \"https:\/\/www.elpolitologoyelpolitico.com.ar\/wordpress\/2026\/04\/26\/alerta-en-la-escuela-n30-amenaza-de-tiroteo-activa-protocolos-de-seguridad-y-abre-el-debate-sobre-el-rol-de-las-familias\/\"\n\t\t\t  \tdata-numposts = \"10\"\n\t\t\t  \tdata-lazy = \"true\"\n\t\t\t\tdata-colorscheme = \"light\"\n\t\t\t\tdata-order-by = \"social\"\n\t\t\t\tdata-mobile=true>\n\t\t\t  <\/div><\/div>\n\t\t  <style>\n\t\t    .fb-background-color {\n\t\t\t\tbackground: #ffffff !important;\n\t\t\t}\n\t\t\t.fb_iframe_widget_fluid_desktop iframe {\n\t\t\t    width: 100% !important;\n\t\t\t}\n\t\t  <\/style>\n\t\t  ","protected":false},"excerpt":{"rendered":"<p>Una jornada de profunda preocupaci\u00f3n se vivi\u00f3 este jueves en las inmediaciones del establecimiento educativo que comparten la Primaria N\u00b0336 (turno ma\u00f1ana), la Primaria N\u00b030 (turno tarde) y la Escuela Secundaria N\u00b01. El hallazgo de una inscripci\u00f3n amenazante en el ba\u00f1o de mujeres del segundo y tercer ciclo encendi\u00f3 las alarmas de directivos y padres. [&hellip;]<\/p>\n","protected":false},"author":4,"featured_media":45191,"comment_status":"closed","ping_status":"closed","sticky":false,"template":"","format":"standard","meta":{"_joinchat":[],"footnotes":""},"categories":[39],"tags":[],"class_list":["post-45190","post","type-post","status-publish","format-standard","has-post-thumbnail","hentry","category-en-esta-seccion"],"_links":{"self":[{"href":"https:\/\/www.elpolitologoyelpolitico.com.ar\/wordpress\/wp-json\/wp\/v2\/posts\/45190","targetHints":{"allow":["GET"]}}],"collection":[{"href":"https:\/\/www.elpolitologoyelpolitico.com.ar\/wordpress\/wp-json\/wp\/v2\/posts"}],"about":[{"href":"https:\/\/www.elpolitologoyelpolitico.com.ar\/wordpress\/wp-json\/wp\/v2\/types\/post"}],"author":[{"embeddable":true,"href":"https:\/\/www.elpolitologoyelpolitico.com.ar\/wordpress\/wp-json\/wp\/v2\/users\/4"}],"replies":[{"embeddable":true,"href":"https:\/\/www.elpolitologoyelpolitico.com.ar\/wordpress\/wp-json\/wp\/v2\/comments?post=45190"}],"version-history":[{"count":1,"href":"https:\/\/www.elpolitologoyelpolitico.com.ar\/wordpress\/wp-json\/wp\/v2\/posts\/45190\/revisions"}],"predecessor-version":[{"id":45192,"href":"https:\/\/www.elpolitologoyelpolitico.com.ar\/wordpress\/wp-json\/wp\/v2\/posts\/45190\/revisions\/45192"}],"wp:featuredmedia":[{"embeddable":true,"href":"https:\/\/www.elpolitologoyelpolitico.com.ar\/wordpress\/wp-json\/wp\/v2\/media\/45191"}],"wp:attachment":[{"href":"https:\/\/www.elpolitologoyelpolitico.com.ar\/wordpress\/wp-json\/wp\/v2\/media?parent=45190"}],"wp:term":[{"taxonomy":"category","embeddable":true,"href":"https:\/\/www.elpolitologoyelpolitico.com.ar\/wordpress\/wp-json\/wp\/v2\/categories?post=45190"},{"taxonomy":"post_tag","embeddable":true,"href":"https:\/\/www.elpolitologoyelpolitico.com.ar\/wordpress\/wp-json\/wp\/v2\/tags?post=45190"}],"curies":[{"name":"wp","href":"https:\/\/api.w.org\/{rel}","templated":true}]}}