{"id":45187,"date":"2026-04-26T09:46:17","date_gmt":"2026-04-26T12:46:17","guid":{"rendered":"https:\/\/www.elpolitologoyelpolitico.com.ar\/wordpress\/?p=45187"},"modified":"2026-04-26T09:46:18","modified_gmt":"2026-04-26T12:46:18","slug":"impactante-una-nina-sobrevivio-tras-caer-de-una-escalera-mecanica-en-villa-elisa","status":"publish","type":"post","link":"https:\/\/www.elpolitologoyelpolitico.com.ar\/wordpress\/2026\/04\/26\/impactante-una-nina-sobrevivio-tras-caer-de-una-escalera-mecanica-en-villa-elisa\/","title":{"rendered":"Impactante: Una ni\u00f1a sobrevivi\u00f3 tras caer de una escalera mec\u00e1nica en Villa Elisa"},"content":{"rendered":"\n<p>Lo que parec\u00eda una tarde habitual de compras en un supermercado de <strong>Villa Elisa<\/strong> se transform\u00f3 en minutos de angustia y desesperaci\u00f3n. Una ni\u00f1a de 8 a\u00f1os protagoniz\u00f3 un accidente que, por cent\u00edmetros y fortuna, no termin\u00f3 en tragedia: cay\u00f3 al vac\u00edo tras quedar suspendida de una escalera mec\u00e1nica en funcionamiento.<\/p>\n\n\n\n<p>Seg\u00fan los reportes iniciales, la menor habr\u00eda quedado sujeta del pasamanos m\u00f3vil de la estructura, siendo arrastrada hacia el exterior de la barandilla de seguridad. Al alcanzar una altura estimada entre los 5 y 6 metros, la ni\u00f1a no pudo sostenerse m\u00e1s y se precipit\u00f3 al suelo.<\/p>\n\n\n\n<p>Testigos en el lugar dieron aviso inmediato a los servicios de emergencia mientras el personal del establecimiento intentaba asistir a la v\u00edctima y calmar a los presentes.<\/p>\n\n\n\n<p>Efectivos del cuerpo de Bomberos Voluntarios acudieron al rescate de manera inmediata. Tras una evaluaci\u00f3n preliminar en el sitio, los rescatistas destacaron un factor clave que salv\u00f3 la vida de la peque\u00f1a:<\/p>\n\n\n\n<p><strong>\u00abLa menor cay\u00f3 de costado, lo que permiti\u00f3 que el impacto se distribuyera y evitara un golpe directo en la cabeza o la columna, algo que hubiera sido fatal a esa distancia\u00bb<\/strong>, explicaron fuentes del operativo.<\/p>\n<div class=\"fb-background-color\">\n\t\t\t  <div \n\t\t\t  \tclass = \"fb-comments\" \n\t\t\t  \tdata-href = \"https:\/\/www.elpolitologoyelpolitico.com.ar\/wordpress\/2026\/04\/26\/impactante-una-nina-sobrevivio-tras-caer-de-una-escalera-mecanica-en-villa-elisa\/\"\n\t\t\t  \tdata-numposts = \"10\"\n\t\t\t  \tdata-lazy = \"true\"\n\t\t\t\tdata-colorscheme = \"light\"\n\t\t\t\tdata-order-by = \"social\"\n\t\t\t\tdata-mobile=true>\n\t\t\t  <\/div><\/div>\n\t\t  <style>\n\t\t    .fb-background-color {\n\t\t\t\tbackground: #ffffff !important;\n\t\t\t}\n\t\t\t.fb_iframe_widget_fluid_desktop iframe {\n\t\t\t    width: 100% !important;\n\t\t\t}\n\t\t  <\/style>\n\t\t  ","protected":false},"excerpt":{"rendered":"<p>Lo que parec\u00eda una tarde habitual de compras en un supermercado de Villa Elisa se transform\u00f3 en minutos de angustia y desesperaci\u00f3n. Una ni\u00f1a de 8 a\u00f1os protagoniz\u00f3 un accidente que, por cent\u00edmetros y fortuna, no termin\u00f3 en tragedia: cay\u00f3 al vac\u00edo tras quedar suspendida de una escalera mec\u00e1nica en funcionamiento. Seg\u00fan los reportes iniciales, [&hellip;]<\/p>\n","protected":false},"author":4,"featured_media":45188,"comment_status":"closed","ping_status":"closed","sticky":false,"template":"","format":"standard","meta":{"_joinchat":[],"footnotes":""},"categories":[39],"tags":[],"class_list":["post-45187","post","type-post","status-publish","format-standard","has-post-thumbnail","hentry","category-en-esta-seccion"],"_links":{"self":[{"href":"https:\/\/www.elpolitologoyelpolitico.com.ar\/wordpress\/wp-json\/wp\/v2\/posts\/45187","targetHints":{"allow":["GET"]}}],"collection":[{"href":"https:\/\/www.elpolitologoyelpolitico.com.ar\/wordpress\/wp-json\/wp\/v2\/posts"}],"about":[{"href":"https:\/\/www.elpolitologoyelpolitico.com.ar\/wordpress\/wp-json\/wp\/v2\/types\/post"}],"author":[{"embeddable":true,"href":"https:\/\/www.elpolitologoyelpolitico.com.ar\/wordpress\/wp-json\/wp\/v2\/users\/4"}],"replies":[{"embeddable":true,"href":"https:\/\/www.elpolitologoyelpolitico.com.ar\/wordpress\/wp-json\/wp\/v2\/comments?post=45187"}],"version-history":[{"count":1,"href":"https:\/\/www.elpolitologoyelpolitico.com.ar\/wordpress\/wp-json\/wp\/v2\/posts\/45187\/revisions"}],"predecessor-version":[{"id":45189,"href":"https:\/\/www.elpolitologoyelpolitico.com.ar\/wordpress\/wp-json\/wp\/v2\/posts\/45187\/revisions\/45189"}],"wp:featuredmedia":[{"embeddable":true,"href":"https:\/\/www.elpolitologoyelpolitico.com.ar\/wordpress\/wp-json\/wp\/v2\/media\/45188"}],"wp:attachment":[{"href":"https:\/\/www.elpolitologoyelpolitico.com.ar\/wordpress\/wp-json\/wp\/v2\/media?parent=45187"}],"wp:term":[{"taxonomy":"category","embeddable":true,"href":"https:\/\/www.elpolitologoyelpolitico.com.ar\/wordpress\/wp-json\/wp\/v2\/categories?post=45187"},{"taxonomy":"post_tag","embeddable":true,"href":"https:\/\/www.elpolitologoyelpolitico.com.ar\/wordpress\/wp-json\/wp\/v2\/tags?post=45187"}],"curies":[{"name":"wp","href":"https:\/\/api.w.org\/{rel}","templated":true}]}}