{"id":45183,"date":"2026-04-26T09:34:48","date_gmt":"2026-04-26T12:34:48","guid":{"rendered":"https:\/\/www.elpolitologoyelpolitico.com.ar\/wordpress\/?p=45183"},"modified":"2026-04-26T09:34:50","modified_gmt":"2026-04-26T12:34:50","slug":"milei-encabeza-un-debate-cultural-keynes-vs-libertad-en-el-palacio-libertad","status":"publish","type":"post","link":"https:\/\/www.elpolitologoyelpolitico.com.ar\/wordpress\/2026\/04\/26\/milei-encabeza-un-debate-cultural-keynes-vs-libertad-en-el-palacio-libertad\/","title":{"rendered":"Milei encabeza un debate cultural: \u201cKeynes vs Libertad\u201d en el Palacio Libertad"},"content":{"rendered":"\n<p>En un evento que promete sacudir el tablero intelectual y pol\u00edtico de la city, el Presidente de la Naci\u00f3n, Javier Milei, regresar\u00e1 al centro de la escena acad\u00e9mica para debatir una de las obras m\u00e1s influyentes, y cuestionadas por su gesti\u00f3n, de la historia econ\u00f3mica: \u201cLa teor\u00eda general del empleo, el inter\u00e9s y el dinero\u201d de John Maynard Keynes.<\/p>\n\n\n\n<p>La cita tendr\u00e1 lugar el pr\u00f3ximo 28 de abril a las 18:00 hs en el emblem\u00e1tico Palacio Libertad. El encuentro, organizado por la Fundaci\u00f3n Faro, no solo contar\u00e1 con la presencia del mandatario, sino tambi\u00e9n con la participaci\u00f3n de figuras de peso en el pensamiento econ\u00f3mico actual.<\/p>\n\n\n\n<p>El debate se estructurar\u00e1 bajo el an\u00e1lisis cr\u00edtico de las consecuencias de las ideas keynesianas en las econom\u00edas modernas, un tema que es columna vertebral del discurso de Milei. El panel estar\u00e1 integrado por:<\/p>\n\n\n\n<ul class=\"wp-block-list\">\n<li>Javier Milei: Presidente de la Naci\u00f3n y principal exponente de las ideas libertarias en la regi\u00f3n.<\/li>\n\n\n\n<li>Juan Carlos de Pablo: Prestigioso economista y analista, conocido por su estilo directo y su vasta trayectoria docente.<\/li>\n\n\n\n<li>Adri\u00e1n Ravier: Diputado Nacional y doctor en econom\u00eda, quien oficiar\u00e1 como moderador del encuentro.<\/li>\n<\/ul>\n\n\n\n<p>Desde la organizaci\u00f3n han enfatizado que el inter\u00e9s por el evento es masivo, por lo que se han establecido pautas estrictas para el ingreso:<\/p>\n\n\n\n<ul class=\"wp-block-list\">\n<li>Inscripci\u00f3n: Se realiza de forma gratuita a trav\u00e9s de un formulario online disponible en el perfil de la Fundaci\u00f3n Faro.<\/li>\n\n\n\n<li>Ingreso: El acceso ser\u00e1 por estricto orden de llegada.<\/li>\n\n\n\n<li>Cupos: La inscripci\u00f3n es obligatoria pero no garantiza el lugar, debido a la capacidad limitada del sal\u00f3n en el Palacio Libertad.<\/li>\n<\/ul>\n\n\n\n<p>Este encuentro se perfila como una oportunidad \u00fanica para ver al Presidente en su faceta de divulgador t\u00e9cnico, enfrentando las tesis de la intervenci\u00f3n estatal en un contexto donde el pa\u00eds discute profundamente su rumbo macroecon\u00f3mico.<\/p>\n\n\n\n<figure class=\"wp-block-image size-full is-resized\"><img fetchpriority=\"high\" decoding=\"async\" width=\"675\" height=\"822\" src=\"https:\/\/www.elpolitologoyelpolitico.com.ar\/wp-content\/uploads\/2026\/04\/Captura-de-pantalla-2026-04-26-092833.png\" alt=\"\" class=\"wp-image-45185\" style=\"width:328px;height:auto\" srcset=\"https:\/\/www.elpolitologoyelpolitico.com.ar\/wp-content\/uploads\/2026\/04\/Captura-de-pantalla-2026-04-26-092833.png 675w, https:\/\/www.elpolitologoyelpolitico.com.ar\/wp-content\/uploads\/2026\/04\/Captura-de-pantalla-2026-04-26-092833-246x300.png 246w\" sizes=\"(max-width: 675px) 100vw, 675px\" \/><\/figure>\n<div class=\"fb-background-color\">\n\t\t\t  <div \n\t\t\t  \tclass = \"fb-comments\" \n\t\t\t  \tdata-href = \"https:\/\/www.elpolitologoyelpolitico.com.ar\/wordpress\/2026\/04\/26\/milei-encabeza-un-debate-cultural-keynes-vs-libertad-en-el-palacio-libertad\/\"\n\t\t\t  \tdata-numposts = \"10\"\n\t\t\t  \tdata-lazy = \"true\"\n\t\t\t\tdata-colorscheme = \"light\"\n\t\t\t\tdata-order-by = \"social\"\n\t\t\t\tdata-mobile=true>\n\t\t\t  <\/div><\/div>\n\t\t  <style>\n\t\t    .fb-background-color {\n\t\t\t\tbackground: #ffffff !important;\n\t\t\t}\n\t\t\t.fb_iframe_widget_fluid_desktop iframe {\n\t\t\t    width: 100% !important;\n\t\t\t}\n\t\t  <\/style>\n\t\t  ","protected":false},"excerpt":{"rendered":"<p>En un evento que promete sacudir el tablero intelectual y pol\u00edtico de la city, el Presidente de la Naci\u00f3n, Javier Milei, regresar\u00e1 al centro de la escena acad\u00e9mica para debatir una de las obras m\u00e1s influyentes, y cuestionadas por su gesti\u00f3n, de la historia econ\u00f3mica: \u201cLa teor\u00eda general del empleo, el inter\u00e9s y el dinero\u201d [&hellip;]<\/p>\n","protected":false},"author":4,"featured_media":45184,"comment_status":"closed","ping_status":"closed","sticky":false,"template":"","format":"standard","meta":{"_joinchat":[],"footnotes":""},"categories":[39],"tags":[],"class_list":["post-45183","post","type-post","status-publish","format-standard","has-post-thumbnail","hentry","category-en-esta-seccion"],"_links":{"self":[{"href":"https:\/\/www.elpolitologoyelpolitico.com.ar\/wordpress\/wp-json\/wp\/v2\/posts\/45183","targetHints":{"allow":["GET"]}}],"collection":[{"href":"https:\/\/www.elpolitologoyelpolitico.com.ar\/wordpress\/wp-json\/wp\/v2\/posts"}],"about":[{"href":"https:\/\/www.elpolitologoyelpolitico.com.ar\/wordpress\/wp-json\/wp\/v2\/types\/post"}],"author":[{"embeddable":true,"href":"https:\/\/www.elpolitologoyelpolitico.com.ar\/wordpress\/wp-json\/wp\/v2\/users\/4"}],"replies":[{"embeddable":true,"href":"https:\/\/www.elpolitologoyelpolitico.com.ar\/wordpress\/wp-json\/wp\/v2\/comments?post=45183"}],"version-history":[{"count":1,"href":"https:\/\/www.elpolitologoyelpolitico.com.ar\/wordpress\/wp-json\/wp\/v2\/posts\/45183\/revisions"}],"predecessor-version":[{"id":45186,"href":"https:\/\/www.elpolitologoyelpolitico.com.ar\/wordpress\/wp-json\/wp\/v2\/posts\/45183\/revisions\/45186"}],"wp:featuredmedia":[{"embeddable":true,"href":"https:\/\/www.elpolitologoyelpolitico.com.ar\/wordpress\/wp-json\/wp\/v2\/media\/45184"}],"wp:attachment":[{"href":"https:\/\/www.elpolitologoyelpolitico.com.ar\/wordpress\/wp-json\/wp\/v2\/media?parent=45183"}],"wp:term":[{"taxonomy":"category","embeddable":true,"href":"https:\/\/www.elpolitologoyelpolitico.com.ar\/wordpress\/wp-json\/wp\/v2\/categories?post=45183"},{"taxonomy":"post_tag","embeddable":true,"href":"https:\/\/www.elpolitologoyelpolitico.com.ar\/wordpress\/wp-json\/wp\/v2\/tags?post=45183"}],"curies":[{"name":"wp","href":"https:\/\/api.w.org\/{rel}","templated":true}]}}