{"id":45180,"date":"2026-04-26T02:51:03","date_gmt":"2026-04-26T05:51:03","guid":{"rendered":"https:\/\/www.elpolitologoyelpolitico.com.ar\/wordpress\/?p=45180"},"modified":"2026-04-26T02:51:05","modified_gmt":"2026-04-26T05:51:05","slug":"panico-en-washington-el-servicio-secreto-evacuo-a-donald-trump-tras-un-tiroteo-en-la-cena-de-corresponsales","status":"publish","type":"post","link":"https:\/\/www.elpolitologoyelpolitico.com.ar\/wordpress\/2026\/04\/26\/panico-en-washington-el-servicio-secreto-evacuo-a-donald-trump-tras-un-tiroteo-en-la-cena-de-corresponsales\/","title":{"rendered":"P\u00e1nico en Washington: El Servicio Secreto evacu\u00f3 a Donald Trump tras un tiroteo en la Cena de Corresponsales"},"content":{"rendered":"\n<p>Lo que deb\u00eda ser una noche de gala y distensi\u00f3n se transform\u00f3 en una escena de caos y terror este s\u00e1bado. El Servicio Secreto de los Estados Unidos evacu\u00f3 de emergencia al presidente Donald Trump, a la Primera Dama Melania Trump y al vicepresidente JD Vance de la tradicional Cena de la Asociaci\u00f3n de Corresponsales de la Casa Blanca, luego de que un tirador abriera fuego en el interior del recinto.<\/p>\n\n\n\n<p>El incidente ocurri\u00f3 alrededor de las 19:00 horas (hora local), justo cuando los m\u00e1s de 2.000 invitados, entre periodistas, celebridades y funcionarios de alto rango, comenzaban a disfrutar del primer plato. Seg\u00fan testigos presenciales, el p\u00e1nico se desat\u00f3 cuando se escucharon m\u00faltiples detonaciones, descritas por algunos asistentes como una r\u00e1faga de entre cinco y ocho disparos.<\/p>\n\n\n\n<p>La respuesta de las fuerzas de seguridad fue inmediata. Agentes armados del Servicio Secreto irrumpieron en la pista del sal\u00f3n de baile del hotel Washington Hilton gritando a los presentes que se tiraran al suelo. Im\u00e1genes y relatos del lugar describen a periodistas vestidos de esmoquin y figuras p\u00fablicas refugi\u00e1ndose debajo de las mesas, mientras copas de vino y platos volaban por los aires en la prisa por buscar protecci\u00f3n.<\/p>\n\n\n\n<p id=\"p-rc_e0d11802edee771f-21\">\u00abFue una reacci\u00f3n instant\u00e1nea. Alguien grit\u00f3 &#8216;\u00a1disparos!&#8217; y en segundos el presidente ya no estaba en el escenario; el Servicio Secreto lo rode\u00f3 y lo sac\u00f3 del lugar a toda velocidad\u00bb, relat\u00f3 un corresponsal que se encontraba a pocos metros de la mesa presidencial.<\/p>\n\n\n\n<p>Adem\u00e1s del binomio presidencial, fueron evacuados otros miembros clave del gabinete, incluyendo al secretario de Estado, Marco Rubio; el secretario de Defensa, Pete Hegseth; y el secretario del Tesoro, Scott Bessent.<\/p>\n\n\n\n<p>Las autoridades confirmaron poco despu\u00e9s que un presunto tirador fue detenido en el lugar. Aunque algunas fuentes iniciales sugirieron que el atacante podr\u00eda haber sido abatido, el propio presidente Trump confirm\u00f3 m\u00e1s tarde a trav\u00e9s de sus redes sociales que el sospechoso estaba bajo custodia. Hasta el momento, no se han reportado heridos de gravedad entre los asistentes o el personal de seguridad.<\/p>\n\n\n\n<p>El sal\u00f3n de banquetes fue declarado \u00abescena de un crimen\u00bb y la Guardia Nacional tom\u00f3 posiciones en los alrededores del hotel para asegurar el per\u00edmetro. A los invitados se les permiti\u00f3 evacuar el edificio de forma ordenada, pero se prohibi\u00f3 el reingreso.<\/p>\n\n\n\n<p>Minutos despu\u00e9s del suceso, Donald Trump utiliz\u00f3 su plataforma Truth Social para enviar un mensaje de tranquilidad y elogiar la labor de los agentes: \u00abUna noche bastante intensa en Washington D.C. El Servicio Secreto y las fuerzas del orden hicieron un trabajo fant\u00e1stico. Actuaron r\u00e1pido y con valent\u00eda\u00bb.<\/p>\n\n\n\n<p>A pesar de la gravedad del incidente, el mandatario sugiri\u00f3 inicialmente que el evento continuara, aunque luego reconoci\u00f3 que la seguridad es la prioridad: \u00abHe recomendado &#8216;que el show contin\u00fae&#8217;, pero estar\u00e9 guiado por las fuerzas del orden. Independientemente, la noche ser\u00e1 muy distinta a lo planeado\u00bb.<\/p>\n\n\n\n<p>Este incidente marca un hito oscuro en la historia de la Cena de Corresponsales, un evento que celebra la Primera Enmienda y que este a\u00f1o contaba con la asistencia de Trump por primera vez en su mandato actual, tras haber boicoteado la gala en a\u00f1os anteriores. Las autoridades contin\u00faan investigando los motivos del ataque y c\u00f3mo el agresor logr\u00f3 vulnerar los estrictos controles de seguridad del evento.<\/p>\n<div class=\"fb-background-color\">\n\t\t\t  <div \n\t\t\t  \tclass = \"fb-comments\" \n\t\t\t  \tdata-href = \"https:\/\/www.elpolitologoyelpolitico.com.ar\/wordpress\/2026\/04\/26\/panico-en-washington-el-servicio-secreto-evacuo-a-donald-trump-tras-un-tiroteo-en-la-cena-de-corresponsales\/\"\n\t\t\t  \tdata-numposts = \"10\"\n\t\t\t  \tdata-lazy = \"true\"\n\t\t\t\tdata-colorscheme = \"light\"\n\t\t\t\tdata-order-by = \"social\"\n\t\t\t\tdata-mobile=true>\n\t\t\t  <\/div><\/div>\n\t\t  <style>\n\t\t    .fb-background-color {\n\t\t\t\tbackground: #ffffff !important;\n\t\t\t}\n\t\t\t.fb_iframe_widget_fluid_desktop iframe {\n\t\t\t    width: 100% !important;\n\t\t\t}\n\t\t  <\/style>\n\t\t  ","protected":false},"excerpt":{"rendered":"<p>Lo que deb\u00eda ser una noche de gala y distensi\u00f3n se transform\u00f3 en una escena de caos y terror este s\u00e1bado. El Servicio Secreto de los Estados Unidos evacu\u00f3 de emergencia al presidente Donald Trump, a la Primera Dama Melania Trump y al vicepresidente JD Vance de la tradicional Cena de la Asociaci\u00f3n de Corresponsales [&hellip;]<\/p>\n","protected":false},"author":4,"featured_media":45181,"comment_status":"closed","ping_status":"closed","sticky":false,"template":"","format":"standard","meta":{"_joinchat":[],"footnotes":""},"categories":[39],"tags":[],"class_list":["post-45180","post","type-post","status-publish","format-standard","has-post-thumbnail","hentry","category-en-esta-seccion"],"_links":{"self":[{"href":"https:\/\/www.elpolitologoyelpolitico.com.ar\/wordpress\/wp-json\/wp\/v2\/posts\/45180","targetHints":{"allow":["GET"]}}],"collection":[{"href":"https:\/\/www.elpolitologoyelpolitico.com.ar\/wordpress\/wp-json\/wp\/v2\/posts"}],"about":[{"href":"https:\/\/www.elpolitologoyelpolitico.com.ar\/wordpress\/wp-json\/wp\/v2\/types\/post"}],"author":[{"embeddable":true,"href":"https:\/\/www.elpolitologoyelpolitico.com.ar\/wordpress\/wp-json\/wp\/v2\/users\/4"}],"replies":[{"embeddable":true,"href":"https:\/\/www.elpolitologoyelpolitico.com.ar\/wordpress\/wp-json\/wp\/v2\/comments?post=45180"}],"version-history":[{"count":1,"href":"https:\/\/www.elpolitologoyelpolitico.com.ar\/wordpress\/wp-json\/wp\/v2\/posts\/45180\/revisions"}],"predecessor-version":[{"id":45182,"href":"https:\/\/www.elpolitologoyelpolitico.com.ar\/wordpress\/wp-json\/wp\/v2\/posts\/45180\/revisions\/45182"}],"wp:featuredmedia":[{"embeddable":true,"href":"https:\/\/www.elpolitologoyelpolitico.com.ar\/wordpress\/wp-json\/wp\/v2\/media\/45181"}],"wp:attachment":[{"href":"https:\/\/www.elpolitologoyelpolitico.com.ar\/wordpress\/wp-json\/wp\/v2\/media?parent=45180"}],"wp:term":[{"taxonomy":"category","embeddable":true,"href":"https:\/\/www.elpolitologoyelpolitico.com.ar\/wordpress\/wp-json\/wp\/v2\/categories?post=45180"},{"taxonomy":"post_tag","embeddable":true,"href":"https:\/\/www.elpolitologoyelpolitico.com.ar\/wordpress\/wp-json\/wp\/v2\/tags?post=45180"}],"curies":[{"name":"wp","href":"https:\/\/api.w.org\/{rel}","templated":true}]}}