{"id":45139,"date":"2026-04-24T23:55:00","date_gmt":"2026-04-25T02:55:00","guid":{"rendered":"https:\/\/www.elpolitologoyelpolitico.com.ar\/wordpress\/?p=45139"},"modified":"2026-04-23T22:54:25","modified_gmt":"2026-04-24T01:54:25","slug":"impulso-a-la-lectura-lanzan-chequelibros-para-60-000-estudiantes-en-la-50-feria-del-libro","status":"publish","type":"post","link":"https:\/\/www.elpolitologoyelpolitico.com.ar\/wordpress\/2026\/04\/24\/impulso-a-la-lectura-lanzan-chequelibros-para-60-000-estudiantes-en-la-50-feria-del-libro\/","title":{"rendered":"Impulso a la lectura: Lanzan \u201cchequelibros\u201d para 60.000 estudiantes en la 50\u00b0 Feria del Libro"},"content":{"rendered":"\n<p>En el marco de la celebraci\u00f3n de la 50\u00b0 Feria Internacional del Libro de Buenos Aires, el Gobierno Nacional anunci\u00f3 una medida clave para incentivar el acceso a la cultura entre los m\u00e1s j\u00f3venes. A trav\u00e9s del programa \u201cSembrando Capital Lector\u201d, el Ministerio de Capital Humano, liderado por Sandra Pettovello, y la Fundaci\u00f3n El Libro oficializaron la entrega de hasta 60.000 \u201cchequelibros\u201d destinados a estudiantes de los niveles primario y secundario.<\/p>\n\n\n\n<p id=\"p-rc_be3c8ed959a4e730-21\">La firma del acuerdo se llev\u00f3 a cabo en la Biblioteca Nacional, con la presencia de la ministra Pettovello y el presidente de la Fundaci\u00f3n El Libro, Christian Rainone. Este convenio busca que el factor econ\u00f3mico no sea un impedimento para que los alumnos que visitan la feria puedan iniciar o fortalecer su propia biblioteca personal.<\/p>\n\n\n\n<p>Cada estudiante beneficiario recibir\u00e1 un bono por un valor de 10.000 pesos. Estos \u00abchequelibros\u00bb funcionan como vouchers que pueden ser canjeados exclusivamente por obras literarias en los stands adheridos dentro del predio de La Rural.<\/p>\n\n\n\n<p>A diferencia de otros descuentos, esta iniciativa permite que los chicos elijan el t\u00edtulo que m\u00e1s les interese, fomentando la autonom\u00eda y el placer por la lectura por fuera de las obligaciones escolares. Para garantizar una llegada organizada, los bonos ser\u00e1n distribuidos a trav\u00e9s de las delegaciones escolares que asistan al evento. Es requisito que las escuelas hayan realizado una inscripci\u00f3n previa para las visitas guiadas que organiza la feria habitualmente.<\/p>\n\n\n\n<p>El lanzamiento coincide con un a\u00f1o especial para la Feria del Libro, que cumple medio siglo de historia consolid\u00e1ndose como el evento cultural m\u00e1s importante del pa\u00eds. La edici\u00f3n 2026 se desarrolla desde el 23 de abril hasta el 11 de mayo, con Per\u00fa como pa\u00eds invitado de honor y la participaci\u00f3n de autores de renombre internacional.<\/p>\n\n\n\n<p>Desde el Ministerio destacaron que la medida no es solo un apoyo econ\u00f3mico a las familias y al sector editorial, sino una herramienta de pol\u00edtica educativa que busca \u00absembrar\u00bb el h\u00e1bito lector en una etapa formativa crucial. Con esta inversi\u00f3n, se espera que miles de j\u00f3venes regresen a sus hogares con un libro nuevo bajo el brazo, fortaleciendo el v\u00ednculo entre la escuela, el Estado y las industrias culturales.<\/p>\n<div class=\"fb-background-color\">\n\t\t\t  <div \n\t\t\t  \tclass = \"fb-comments\" \n\t\t\t  \tdata-href = \"https:\/\/www.elpolitologoyelpolitico.com.ar\/wordpress\/2026\/04\/24\/impulso-a-la-lectura-lanzan-chequelibros-para-60-000-estudiantes-en-la-50-feria-del-libro\/\"\n\t\t\t  \tdata-numposts = \"10\"\n\t\t\t  \tdata-lazy = \"true\"\n\t\t\t\tdata-colorscheme = \"light\"\n\t\t\t\tdata-order-by = \"social\"\n\t\t\t\tdata-mobile=true>\n\t\t\t  <\/div><\/div>\n\t\t  <style>\n\t\t    .fb-background-color {\n\t\t\t\tbackground: #ffffff !important;\n\t\t\t}\n\t\t\t.fb_iframe_widget_fluid_desktop iframe {\n\t\t\t    width: 100% !important;\n\t\t\t}\n\t\t  <\/style>\n\t\t  ","protected":false},"excerpt":{"rendered":"<p>En el marco de la celebraci\u00f3n de la 50\u00b0 Feria Internacional del Libro de Buenos Aires, el Gobierno Nacional anunci\u00f3 una medida clave para incentivar el acceso a la cultura entre los m\u00e1s j\u00f3venes. A trav\u00e9s del programa \u201cSembrando Capital Lector\u201d, el Ministerio de Capital Humano, liderado por Sandra Pettovello, y la Fundaci\u00f3n El Libro [&hellip;]<\/p>\n","protected":false},"author":4,"featured_media":45140,"comment_status":"closed","ping_status":"closed","sticky":false,"template":"","format":"standard","meta":{"_joinchat":[],"footnotes":""},"categories":[4],"tags":[],"class_list":["post-45139","post","type-post","status-publish","format-standard","has-post-thumbnail","hentry","category-politicas-publicas"],"_links":{"self":[{"href":"https:\/\/www.elpolitologoyelpolitico.com.ar\/wordpress\/wp-json\/wp\/v2\/posts\/45139","targetHints":{"allow":["GET"]}}],"collection":[{"href":"https:\/\/www.elpolitologoyelpolitico.com.ar\/wordpress\/wp-json\/wp\/v2\/posts"}],"about":[{"href":"https:\/\/www.elpolitologoyelpolitico.com.ar\/wordpress\/wp-json\/wp\/v2\/types\/post"}],"author":[{"embeddable":true,"href":"https:\/\/www.elpolitologoyelpolitico.com.ar\/wordpress\/wp-json\/wp\/v2\/users\/4"}],"replies":[{"embeddable":true,"href":"https:\/\/www.elpolitologoyelpolitico.com.ar\/wordpress\/wp-json\/wp\/v2\/comments?post=45139"}],"version-history":[{"count":1,"href":"https:\/\/www.elpolitologoyelpolitico.com.ar\/wordpress\/wp-json\/wp\/v2\/posts\/45139\/revisions"}],"predecessor-version":[{"id":45141,"href":"https:\/\/www.elpolitologoyelpolitico.com.ar\/wordpress\/wp-json\/wp\/v2\/posts\/45139\/revisions\/45141"}],"wp:featuredmedia":[{"embeddable":true,"href":"https:\/\/www.elpolitologoyelpolitico.com.ar\/wordpress\/wp-json\/wp\/v2\/media\/45140"}],"wp:attachment":[{"href":"https:\/\/www.elpolitologoyelpolitico.com.ar\/wordpress\/wp-json\/wp\/v2\/media?parent=45139"}],"wp:term":[{"taxonomy":"category","embeddable":true,"href":"https:\/\/www.elpolitologoyelpolitico.com.ar\/wordpress\/wp-json\/wp\/v2\/categories?post=45139"},{"taxonomy":"post_tag","embeddable":true,"href":"https:\/\/www.elpolitologoyelpolitico.com.ar\/wordpress\/wp-json\/wp\/v2\/tags?post=45139"}],"curies":[{"name":"wp","href":"https:\/\/api.w.org\/{rel}","templated":true}]}}