{"id":4476,"date":"2021-06-18T21:47:58","date_gmt":"2021-06-18T21:47:58","guid":{"rendered":"https:\/\/www.elpolitologoyelpolitico.com.ar\/wordpress\/?p=4476"},"modified":"2021-06-19T01:07:30","modified_gmt":"2021-06-19T01:07:30","slug":"hasta-el-dia-de-hoy-no-tuvimos-una-respuesta-favorable","status":"publish","type":"post","link":"https:\/\/www.elpolitologoyelpolitico.com.ar\/wordpress\/2021\/06\/18\/hasta-el-dia-de-hoy-no-tuvimos-una-respuesta-favorable\/","title":{"rendered":"\u201cHasta el d\u00eda de hoy no tuvimos una respuesta favorable\u201d"},"content":{"rendered":"\n<figure><audio controls src=\"https:\/\/www.elpolitologoyelpolitico.com.ar\/wp-content\/uploads\/2021\/06\/AUD-20210618-WA0029-online-audio-converter.com_.mp3\"><\/audio><\/figure>\n\n\n\n<p>Mariela Victorica, mucama del hospital Pedro Ecay de Patagones coment\u00f3 la situaci\u00f3n que est\u00e1 viviendo el personal de salud en este contexto, en donde mucamas, enfermeros y otros trabajadores de salud vienen trabajando en conjunto.  <\/p>\n\n\n\n<p>\u201cNosotros empezamos con una nota entregada al intendente, donde reclamamos un aumento de emergencia durante el mes de Mayo. <\/p>\n\n\n\n<p>El 3 de junio entregamos otra nota y hasta el d\u00eda de hoy no tuvimos una respuesta favorable\u201d expres\u00f3 Mariela Adem\u00e1s manifest\u00f3 \u201cEl convenio colectivo no se ha podido establecer en Patagones, entonces nosotros tenemos que ponernos firmes como trabajadores, porque este convenio se refiere a lo que la ley dice. <\/p>\n\n\n\n<p>La ley establece que con este sueldo yo voy a poder alimentarme y pagar los servicios, sin embargo no es as\u00ed, porque en los acuerdos entre los dirigentes siempre nos suben un porcentaje que no nos alcanza\u201d. <\/p>\n\n\n\n<p>Mariela Victorica sostuvo \u201c Es importante tener un convenio colectivo dentro del municipio porque cambiaria la vida de cada empleador municipal y ya no tendr\u00eda un sueldo por debajo de los $23000 que rige la ley\u201d.  <\/p>\n\n\n\n<p>Durante el d\u00eda de hoy se estar\u00e1n reuniendo en la rotonda del hospital Ecay, donde realizar\u00e1n un abrazo simb\u00f3lico para hacer presente el reclamo. <\/p>\n<div class=\"fb-background-color\">\n\t\t\t  <div \n\t\t\t  \tclass = \"fb-comments\" \n\t\t\t  \tdata-href = \"https:\/\/www.elpolitologoyelpolitico.com.ar\/wordpress\/2021\/06\/18\/hasta-el-dia-de-hoy-no-tuvimos-una-respuesta-favorable\/\"\n\t\t\t  \tdata-numposts = \"10\"\n\t\t\t  \tdata-lazy = \"true\"\n\t\t\t\tdata-colorscheme = \"light\"\n\t\t\t\tdata-order-by = \"social\"\n\t\t\t\tdata-mobile=true>\n\t\t\t  <\/div><\/div>\n\t\t  <style>\n\t\t    .fb-background-color {\n\t\t\t\tbackground: #ffffff !important;\n\t\t\t}\n\t\t\t.fb_iframe_widget_fluid_desktop iframe {\n\t\t\t    width: 100% !important;\n\t\t\t}\n\t\t  <\/style>\n\t\t  ","protected":false},"excerpt":{"rendered":"<p>Mariela Victorica, mucama del hospital Pedro Ecay de Patagones coment\u00f3 la situaci\u00f3n que est\u00e1 viviendo el personal de salud en este contexto, en donde mucamas, enfermeros y otros trabajadores de salud vienen trabajando en conjunto. \u201cNosotros empezamos con una nota entregada al intendente, donde reclamamos un aumento de emergencia durante el mes de Mayo. El [&hellip;]<\/p>\n","protected":false},"author":4,"featured_media":4501,"comment_status":"closed","ping_status":"closed","sticky":false,"template":"","format":"standard","meta":{"_joinchat":[],"footnotes":""},"categories":[3],"tags":[],"class_list":["post-4476","post","type-post","status-publish","format-standard","has-post-thumbnail","hentry","category-actores-sociales"],"_links":{"self":[{"href":"https:\/\/www.elpolitologoyelpolitico.com.ar\/wordpress\/wp-json\/wp\/v2\/posts\/4476","targetHints":{"allow":["GET"]}}],"collection":[{"href":"https:\/\/www.elpolitologoyelpolitico.com.ar\/wordpress\/wp-json\/wp\/v2\/posts"}],"about":[{"href":"https:\/\/www.elpolitologoyelpolitico.com.ar\/wordpress\/wp-json\/wp\/v2\/types\/post"}],"author":[{"embeddable":true,"href":"https:\/\/www.elpolitologoyelpolitico.com.ar\/wordpress\/wp-json\/wp\/v2\/users\/4"}],"replies":[{"embeddable":true,"href":"https:\/\/www.elpolitologoyelpolitico.com.ar\/wordpress\/wp-json\/wp\/v2\/comments?post=4476"}],"version-history":[{"count":0,"href":"https:\/\/www.elpolitologoyelpolitico.com.ar\/wordpress\/wp-json\/wp\/v2\/posts\/4476\/revisions"}],"wp:featuredmedia":[{"embeddable":true,"href":"https:\/\/www.elpolitologoyelpolitico.com.ar\/wordpress\/wp-json\/wp\/v2\/media\/4501"}],"wp:attachment":[{"href":"https:\/\/www.elpolitologoyelpolitico.com.ar\/wordpress\/wp-json\/wp\/v2\/media?parent=4476"}],"wp:term":[{"taxonomy":"category","embeddable":true,"href":"https:\/\/www.elpolitologoyelpolitico.com.ar\/wordpress\/wp-json\/wp\/v2\/categories?post=4476"},{"taxonomy":"post_tag","embeddable":true,"href":"https:\/\/www.elpolitologoyelpolitico.com.ar\/wordpress\/wp-json\/wp\/v2\/tags?post=4476"}],"curies":[{"name":"wp","href":"https:\/\/api.w.org\/{rel}","templated":true}]}}