{"id":44329,"date":"2026-03-16T14:46:00","date_gmt":"2026-03-16T17:46:00","guid":{"rendered":"https:\/\/www.elpolitologoyelpolitico.com.ar\/wordpress\/?p=44329"},"modified":"2026-03-16T14:46:02","modified_gmt":"2026-03-16T17:46:02","slug":"la-familia-de-ramiro-dina-marchara-en-viedma-tras-el-sorpresivo-archivo-de-la-causa","status":"publish","type":"post","link":"https:\/\/www.elpolitologoyelpolitico.com.ar\/wordpress\/2026\/03\/16\/la-familia-de-ramiro-dina-marchara-en-viedma-tras-el-sorpresivo-archivo-de-la-causa\/","title":{"rendered":"La familia de Ramiro Dina marchar\u00e1 en Viedma tras el sorpresivo archivo de la causa"},"content":{"rendered":"\n<figure class=\"wp-block-audio\"><audio controls src=\"https:\/\/www.elpolitologoyelpolitico.com.ar\/wp-content\/uploads\/2026\/03\/2026-03-16-Leonella-Dina.mp3\"><\/audio><\/figure>\n\n\n\n<p>La comunidad de la capital rionegrina se ve nuevamente sacudida por el caso de Ramiro Dina. Tras meses de espera y expectativas de avance en la investigaci\u00f3n, la Fiscal\u00eda N\u00b0 13, a cargo del Dr. Chirino, comunic\u00f3 formalmente a la familia la decisi\u00f3n de archivar la causa. La noticia cay\u00f3 como un balde de agua fr\u00eda para los allegados, quienes esperaban la producci\u00f3n de nuevas pruebas y el relevo de autoridades judiciales.<\/p>\n\n\n\n<p>En di\u00e1logo con el programa, Leonella Dina expres\u00f3 su indignaci\u00f3n y sorpresa ante una medida que consideran prematura y arbitraria. Seg\u00fan relat\u00f3, en diciembre se hab\u00eda solicitado una pr\u00f3rroga debido a la complejidad del caso, y hasta hace apenas unos d\u00edas, la expectativa era que un nuevo fiscal tomara las riendas de la investigaci\u00f3n tras el traslado de Chirino al fuero federal.<\/p>\n\n\n\n<p><strong>\u00abLlegamos a la Fiscal\u00eda pensando que nos iban a contar el avance de la causa o a presentar al nuevo fiscal\u00bb<\/strong>, explic\u00f3 Leonella. <strong>\u00abFuimos s\u00faper ingenuas pensando eso, y cuando llegamos, Chirino nos dice que \u00e9l toma la decisi\u00f3n de archivar la causa porque para \u00e9l no quedan cosas por investigar\u00bb.<\/strong><\/p>\n\n\n\n<p>El fundamento principal del Ministerio P\u00fablico Fiscal es la ausencia de una \u00abrelaci\u00f3n causal\u00bb entre el accionar policial y el deceso de Ramiro, bas\u00e1ndose en la autopsia realizada por el Cuerpo M\u00e9dico Forense de R\u00edo Negro. Sin embargo, la familia cuestiona duramente este peritaje:<\/p>\n\n\n\n<p><strong>\u00abNosotros al d\u00eda de la fecha no sabemos si ese edema pulmonar qu\u00e9 lo causa&#8230; no est\u00e1 descartado que todo lo que le hicieron a Ramiro no caus\u00f3 su edema, por eso pedimos siempre una revisi\u00f3n de esa pericia\u00bb.<\/strong><\/p>\n\n\n\n<p>La querella, representada por el Dr. Fabio Igoldi, sostiene que el expediente cuenta con m\u00e1s de 800 p\u00e1ginas pero carece de respuestas fundamentales. Leonella se\u00f1al\u00f3 que nunca se incorporaron los protocolos de actuaci\u00f3n solicitados a la Polic\u00eda de R\u00edo Negro ni al Cuerpo de Seguridad Vial para contrastar si la detenci\u00f3n de Ramiro se ajust\u00f3 a derecho.<\/p>\n\n\n\n<p><strong>\u00abEstamos diciendo que la polic\u00eda no tuvo nada que ver, pero en el expediente no dice qu\u00e9 es lo que est\u00e1 bien que haga la polic\u00eda o qu\u00e9 es lo que est\u00e1 mal. Falta informaci\u00f3n\u00bb<\/strong>, denunci\u00f3 la hermana de la v\u00edctima. Para la familia, el peso institucional de la fuerza de seguridad influye en la celeridad del cierre: <strong>\u00abLamentablemente creo que la polic\u00eda es una fuerza muy grande y es dif\u00edcil ir en contra de ella\u00bb<\/strong><strong>.<\/strong><\/p>\n\n\n\n<p>Ante este escenario, la familia Dina no se quedar\u00e1 de brazos cruzados:<\/p>\n\n\n\n<ul class=\"wp-block-list\">\n<li>Plano Judicial: El equipo legal presentar\u00e1 un recurso de apelaci\u00f3n antes del vencimiento del plazo (pr\u00f3ximo jueves) para que el Fiscal Jefe (Trejo o Peralta) revise la decisi\u00f3n de Chirino.<\/li>\n\n\n\n<li>Plano Social: Ma\u00f1ana, martes a las 10:00 h, se realizar\u00e1 una movilizaci\u00f3n que partir\u00e1 desde la Fuente Pucar\u00e1.<\/li>\n<\/ul>\n\n\n\n<p>Leonella cerr\u00f3 la entrevista con un pedido desesperado a la sociedad de Viedma: <strong>\u00abLes pido a las mam\u00e1s de j\u00f3venes que piensen que esto puede pasarle a cualquiera. Hay gente que ha vivido el abuso policial y hoy los tiene en su casa y lo puede contar; nosotros no queremos otro Ramiro en Viedma\u00bb.<\/strong><\/p>\n\n\n\n<p>Asimismo, confirmaron que mantuvieron conversaciones con el intendente Marcos Castro para concretar una reuni\u00f3n con el gobernador Alberto Weretilneck, a quien le exigen un mensaje claro: <strong>\u00abQue se sepa que si un polic\u00eda act\u00faa mal, va a tener consecuencias\u00bb<\/strong><strong>.<\/strong><\/p>\n<div class=\"fb-background-color\">\n\t\t\t  <div \n\t\t\t  \tclass = \"fb-comments\" \n\t\t\t  \tdata-href = \"https:\/\/www.elpolitologoyelpolitico.com.ar\/wordpress\/2026\/03\/16\/la-familia-de-ramiro-dina-marchara-en-viedma-tras-el-sorpresivo-archivo-de-la-causa\/\"\n\t\t\t  \tdata-numposts = \"10\"\n\t\t\t  \tdata-lazy = \"true\"\n\t\t\t\tdata-colorscheme = \"light\"\n\t\t\t\tdata-order-by = \"social\"\n\t\t\t\tdata-mobile=true>\n\t\t\t  <\/div><\/div>\n\t\t  <style>\n\t\t    .fb-background-color {\n\t\t\t\tbackground: #ffffff !important;\n\t\t\t}\n\t\t\t.fb_iframe_widget_fluid_desktop iframe {\n\t\t\t    width: 100% !important;\n\t\t\t}\n\t\t  <\/style>\n\t\t  ","protected":false},"excerpt":{"rendered":"<p>La comunidad de la capital rionegrina se ve nuevamente sacudida por el caso de Ramiro Dina. Tras meses de espera y expectativas de avance en la investigaci\u00f3n, la Fiscal\u00eda N\u00b0 13, a cargo del Dr. Chirino, comunic\u00f3 formalmente a la familia la decisi\u00f3n de archivar la causa. La noticia cay\u00f3 como un balde de agua [&hellip;]<\/p>\n","protected":false},"author":4,"featured_media":44331,"comment_status":"closed","ping_status":"closed","sticky":false,"template":"","format":"standard","meta":{"_joinchat":[],"footnotes":""},"categories":[39],"tags":[],"class_list":["post-44329","post","type-post","status-publish","format-standard","has-post-thumbnail","hentry","category-en-esta-seccion"],"_links":{"self":[{"href":"https:\/\/www.elpolitologoyelpolitico.com.ar\/wordpress\/wp-json\/wp\/v2\/posts\/44329","targetHints":{"allow":["GET"]}}],"collection":[{"href":"https:\/\/www.elpolitologoyelpolitico.com.ar\/wordpress\/wp-json\/wp\/v2\/posts"}],"about":[{"href":"https:\/\/www.elpolitologoyelpolitico.com.ar\/wordpress\/wp-json\/wp\/v2\/types\/post"}],"author":[{"embeddable":true,"href":"https:\/\/www.elpolitologoyelpolitico.com.ar\/wordpress\/wp-json\/wp\/v2\/users\/4"}],"replies":[{"embeddable":true,"href":"https:\/\/www.elpolitologoyelpolitico.com.ar\/wordpress\/wp-json\/wp\/v2\/comments?post=44329"}],"version-history":[{"count":1,"href":"https:\/\/www.elpolitologoyelpolitico.com.ar\/wordpress\/wp-json\/wp\/v2\/posts\/44329\/revisions"}],"predecessor-version":[{"id":44332,"href":"https:\/\/www.elpolitologoyelpolitico.com.ar\/wordpress\/wp-json\/wp\/v2\/posts\/44329\/revisions\/44332"}],"wp:featuredmedia":[{"embeddable":true,"href":"https:\/\/www.elpolitologoyelpolitico.com.ar\/wordpress\/wp-json\/wp\/v2\/media\/44331"}],"wp:attachment":[{"href":"https:\/\/www.elpolitologoyelpolitico.com.ar\/wordpress\/wp-json\/wp\/v2\/media?parent=44329"}],"wp:term":[{"taxonomy":"category","embeddable":true,"href":"https:\/\/www.elpolitologoyelpolitico.com.ar\/wordpress\/wp-json\/wp\/v2\/categories?post=44329"},{"taxonomy":"post_tag","embeddable":true,"href":"https:\/\/www.elpolitologoyelpolitico.com.ar\/wordpress\/wp-json\/wp\/v2\/tags?post=44329"}],"curies":[{"name":"wp","href":"https:\/\/api.w.org\/{rel}","templated":true}]}}