{"id":44325,"date":"2026-03-16T09:37:50","date_gmt":"2026-03-16T12:37:50","guid":{"rendered":"https:\/\/www.elpolitologoyelpolitico.com.ar\/wordpress\/?p=44325"},"modified":"2026-03-16T09:42:03","modified_gmt":"2026-03-16T12:42:03","slug":"vecinos-autoconvocados-buscan-acompanamiento-por-la-problematica-ambiental-que-provoca-los-incendios-en-la-escombrera","status":"publish","type":"post","link":"https:\/\/www.elpolitologoyelpolitico.com.ar\/wordpress\/2026\/03\/16\/vecinos-autoconvocados-buscan-acompanamiento-por-la-problematica-ambiental-que-provoca-los-incendios-en-la-escombrera\/","title":{"rendered":"Vecinos autoconvocados buscan acompa\u00f1amiento por la problem\u00e1tica ambiental que provocan los incendios en la escombrera"},"content":{"rendered":"\n<p>Lo que comenz\u00f3 como un malestar silencioso se ha transformado en una movilizaci\u00f3n comunitaria organizada. Vecinos de diversos sectores de la ciudad han lanzado un formulario digital (Google Forms) para formalizar y masificar el reclamo por la situaci\u00f3n cr\u00edtica de la escombrera municipal.<\/p>\n\n\n\n<p>La problem\u00e1tica no es nueva, pero el agotamiento de los residentes ha llegado a un punto de inflexi\u00f3n. Seg\u00fan denuncian los damnificados, la cercan\u00eda del dep\u00f3sito de residuos con zonas residenciales como <strong>COOPTEBA, Villa Dolores y PROCREAR<\/strong> ha degradado significativamente la calidad de vida en el sector.<\/p>\n\n\n\n<p>El reclamo se fundamenta en una serie de factores que los vecinos consideran insostenibles:<\/p>\n\n\n\n<ul class=\"wp-block-list\">\n<li>Incendios reiterados: El fuego en el predio genera columnas de humo que invaden las viviendas.<\/li>\n\n\n\n<li>Impacto en la salud: Los olores nauseabundos y la toxicidad del humo ambiental afectan las v\u00edas respiratorias.<\/li>\n\n\n\n<li>Plagas: La proliferaci\u00f3n de roedores en las inmediaciones de los barrios mencionados.<\/li>\n<\/ul>\n\n\n\n<p><strong>\u00abEste formulario permite manifestar la adhesi\u00f3n de forma clara y organizada. Necesitamos que el municipio entienda que no es un pedido aislado, sino una urgencia de cientos de familias\u00bb<\/strong>, expresaron desde el grupo de vecinos autoconvocados.<\/p>\n\n\n\n<p>Para garantizar la validez institucional de la presentaci\u00f3n ante las autoridades municipales, el formulario solicita datos b\u00e1sicos de los ciudadanos:<\/p>\n\n\n\n<ol class=\"wp-block-list\">\n<li><strong>Nombre y Apellido.<\/strong><\/li>\n\n\n\n<li><strong>DNI.<\/strong><\/li>\n\n\n\n<li><strong>Barrio de residencia.<\/strong><\/li>\n\n\n\n<li><strong>Postura sobre la urgencia de la soluci\u00f3n.<\/strong><\/li>\n<\/ol>\n\n\n\n<p>Los organizadores aclararon que la informaci\u00f3n recolectada ser\u00e1 utilizada <strong>exclusivamente<\/strong> para acompa\u00f1ar la presentaci\u00f3n formal del reclamo ante el Ejecutivo local, buscando una respuesta concreta que ponga fin al impacto ambiental en la zona sur de la ciudad. A continuaci\u00f3n el enlace:<\/p>\n\n\n\n<p><a href=\"https:\/\/docs.google.com\/forms\/d\/e\/1FAIpQLSc8xzQW6GULbt-JoNDxagovFlVrcdYpDLrNjs6ByHNRu5NPyA\/viewform\">https:\/\/docs.google.com\/forms\/d\/e\/1FAIpQLSc8xzQW6GULbt-JoNDxagovFlVrcdYpDLrNjs6ByHNRu5NPyA\/viewform<\/a><\/p>\n\n\n\n<p><\/p>\n<div class=\"fb-background-color\">\n\t\t\t  <div \n\t\t\t  \tclass = \"fb-comments\" \n\t\t\t  \tdata-href = \"https:\/\/www.elpolitologoyelpolitico.com.ar\/wordpress\/2026\/03\/16\/vecinos-autoconvocados-buscan-acompanamiento-por-la-problematica-ambiental-que-provoca-los-incendios-en-la-escombrera\/\"\n\t\t\t  \tdata-numposts = \"10\"\n\t\t\t  \tdata-lazy = \"true\"\n\t\t\t\tdata-colorscheme = \"light\"\n\t\t\t\tdata-order-by = \"social\"\n\t\t\t\tdata-mobile=true>\n\t\t\t  <\/div><\/div>\n\t\t  <style>\n\t\t    .fb-background-color {\n\t\t\t\tbackground: #ffffff !important;\n\t\t\t}\n\t\t\t.fb_iframe_widget_fluid_desktop iframe {\n\t\t\t    width: 100% !important;\n\t\t\t}\n\t\t  <\/style>\n\t\t  ","protected":false},"excerpt":{"rendered":"<p>Lo que comenz\u00f3 como un malestar silencioso se ha transformado en una movilizaci\u00f3n comunitaria organizada. Vecinos de diversos sectores de la ciudad han lanzado un formulario digital (Google Forms) para formalizar y masificar el reclamo por la situaci\u00f3n cr\u00edtica de la escombrera municipal. La problem\u00e1tica no es nueva, pero el agotamiento de los residentes ha [&hellip;]<\/p>\n","protected":false},"author":4,"featured_media":44326,"comment_status":"closed","ping_status":"closed","sticky":false,"template":"","format":"standard","meta":{"_joinchat":[],"footnotes":""},"categories":[39],"tags":[],"class_list":["post-44325","post","type-post","status-publish","format-standard","has-post-thumbnail","hentry","category-en-esta-seccion"],"_links":{"self":[{"href":"https:\/\/www.elpolitologoyelpolitico.com.ar\/wordpress\/wp-json\/wp\/v2\/posts\/44325","targetHints":{"allow":["GET"]}}],"collection":[{"href":"https:\/\/www.elpolitologoyelpolitico.com.ar\/wordpress\/wp-json\/wp\/v2\/posts"}],"about":[{"href":"https:\/\/www.elpolitologoyelpolitico.com.ar\/wordpress\/wp-json\/wp\/v2\/types\/post"}],"author":[{"embeddable":true,"href":"https:\/\/www.elpolitologoyelpolitico.com.ar\/wordpress\/wp-json\/wp\/v2\/users\/4"}],"replies":[{"embeddable":true,"href":"https:\/\/www.elpolitologoyelpolitico.com.ar\/wordpress\/wp-json\/wp\/v2\/comments?post=44325"}],"version-history":[{"count":2,"href":"https:\/\/www.elpolitologoyelpolitico.com.ar\/wordpress\/wp-json\/wp\/v2\/posts\/44325\/revisions"}],"predecessor-version":[{"id":44328,"href":"https:\/\/www.elpolitologoyelpolitico.com.ar\/wordpress\/wp-json\/wp\/v2\/posts\/44325\/revisions\/44328"}],"wp:featuredmedia":[{"embeddable":true,"href":"https:\/\/www.elpolitologoyelpolitico.com.ar\/wordpress\/wp-json\/wp\/v2\/media\/44326"}],"wp:attachment":[{"href":"https:\/\/www.elpolitologoyelpolitico.com.ar\/wordpress\/wp-json\/wp\/v2\/media?parent=44325"}],"wp:term":[{"taxonomy":"category","embeddable":true,"href":"https:\/\/www.elpolitologoyelpolitico.com.ar\/wordpress\/wp-json\/wp\/v2\/categories?post=44325"},{"taxonomy":"post_tag","embeddable":true,"href":"https:\/\/www.elpolitologoyelpolitico.com.ar\/wordpress\/wp-json\/wp\/v2\/tags?post=44325"}],"curies":[{"name":"wp","href":"https:\/\/api.w.org\/{rel}","templated":true}]}}