{"id":44322,"date":"2026-03-15T20:53:58","date_gmt":"2026-03-15T23:53:58","guid":{"rendered":"https:\/\/www.elpolitologoyelpolitico.com.ar\/wordpress\/?p=44322"},"modified":"2026-03-15T20:54:00","modified_gmt":"2026-03-15T23:54:00","slug":"silvia-fuente-salio-del-hospital-y-volvio-a-la-carpa-frente-a-la-casa-de-gobierno","status":"publish","type":"post","link":"https:\/\/www.elpolitologoyelpolitico.com.ar\/wordpress\/2026\/03\/15\/silvia-fuente-salio-del-hospital-y-volvio-a-la-carpa-frente-a-la-casa-de-gobierno\/","title":{"rendered":"Silvia Fuente sali\u00f3 del Hospital y volvi\u00f3 a la carpa frente a la casa de gobierno"},"content":{"rendered":"\n<p><strong>\u201cHasta que no lo suelten a Rub\u00e9n y no logremos nuestro objetivo, no me voy\u201d <\/strong>fueron las palabras de Silvia Fuente tras regresar a su carpa en las inmediaciones de la Casa de Gobierno para continuar con su protesta pac\u00edfica en reclamo por la arbitraria detenci\u00f3n de Rub\u00e9n Mu\u00f1oz y por mejoras salariales en los sueldos de los efectivos policiales.<\/p>\n\n\n\n<p>Tras sufrir una descompensaci\u00f3n y malestar durante la ma\u00f1ana del domingo, Silvia fue trasladada a un centro de salud donde permaneci\u00f3 varias horas hasta mejorar su condici\u00f3n. Posteriormente regres\u00f3 a su carpa donde fue recibida por sus compa\u00f1eros de protesta entre aplausos y buenos deseos.<\/p>\n\n\n\n<p><strong>\u201cAc\u00e1 est\u00e1 muchachos, volvi\u00f3\u201d<\/strong>, manifest\u00f3 uno de sus compa\u00f1eros. La noticia fue difundida por el medio <em>El Felpudo<\/em>.<\/p>\n\n\n\n<p><strong>Concentraci\u00f3n y bocinazo<\/strong><\/p>\n\n\n\n<p>Organizaciones vinculadas al sector policial y penitenciario de la provincia han lanzado una convocatoria para una jornada de protesta y acompa\u00f1amiento ma\u00f1ana, martes 17, en el centro de la ciudad.<\/p>\n\n\n\n<p>La cita est\u00e1 programada para las 10:30 hs en la intersecci\u00f3n de las calles 25 de Mayo y Sarmiento. El objetivo central de la movilizaci\u00f3n es brindar apoyo a Rub\u00e9n Mu\u00f1oz, referente del sector, quien debe presentarse ante la justicia.<\/p>\n\n\n\n<p>La convocatoria, difundida a trav\u00e9s de redes sociales y grupos de mensajer\u00eda por el Consejo Policial y Penitenciario de R\u00edo Negro, insta a la comunidad y a los efectivos a asistir. El punto de encuentro coincide con las inmediaciones del juzgado, donde se espera una fuerte presencia de manifestantes bajo el lema: <strong>\u00abAcompa\u00f1emos a Rub\u00e9n Mu\u00f1oz, todos al Juzgado\u00bb.<\/strong><\/p>\n<div class=\"fb-background-color\">\n\t\t\t  <div \n\t\t\t  \tclass = \"fb-comments\" \n\t\t\t  \tdata-href = \"https:\/\/www.elpolitologoyelpolitico.com.ar\/wordpress\/2026\/03\/15\/silvia-fuente-salio-del-hospital-y-volvio-a-la-carpa-frente-a-la-casa-de-gobierno\/\"\n\t\t\t  \tdata-numposts = \"10\"\n\t\t\t  \tdata-lazy = \"true\"\n\t\t\t\tdata-colorscheme = \"light\"\n\t\t\t\tdata-order-by = \"social\"\n\t\t\t\tdata-mobile=true>\n\t\t\t  <\/div><\/div>\n\t\t  <style>\n\t\t    .fb-background-color {\n\t\t\t\tbackground: #ffffff !important;\n\t\t\t}\n\t\t\t.fb_iframe_widget_fluid_desktop iframe {\n\t\t\t    width: 100% !important;\n\t\t\t}\n\t\t  <\/style>\n\t\t  ","protected":false},"excerpt":{"rendered":"<p>\u201cHasta que no lo suelten a Rub\u00e9n y no logremos nuestro objetivo, no me voy\u201d fueron las palabras de Silvia Fuente tras regresar a su carpa en las inmediaciones de la Casa de Gobierno para continuar con su protesta pac\u00edfica en reclamo por la arbitraria detenci\u00f3n de Rub\u00e9n Mu\u00f1oz y por mejoras salariales en los [&hellip;]<\/p>\n","protected":false},"author":4,"featured_media":44323,"comment_status":"closed","ping_status":"closed","sticky":false,"template":"","format":"standard","meta":{"_joinchat":[],"footnotes":""},"categories":[39],"tags":[],"class_list":["post-44322","post","type-post","status-publish","format-standard","has-post-thumbnail","hentry","category-en-esta-seccion"],"_links":{"self":[{"href":"https:\/\/www.elpolitologoyelpolitico.com.ar\/wordpress\/wp-json\/wp\/v2\/posts\/44322","targetHints":{"allow":["GET"]}}],"collection":[{"href":"https:\/\/www.elpolitologoyelpolitico.com.ar\/wordpress\/wp-json\/wp\/v2\/posts"}],"about":[{"href":"https:\/\/www.elpolitologoyelpolitico.com.ar\/wordpress\/wp-json\/wp\/v2\/types\/post"}],"author":[{"embeddable":true,"href":"https:\/\/www.elpolitologoyelpolitico.com.ar\/wordpress\/wp-json\/wp\/v2\/users\/4"}],"replies":[{"embeddable":true,"href":"https:\/\/www.elpolitologoyelpolitico.com.ar\/wordpress\/wp-json\/wp\/v2\/comments?post=44322"}],"version-history":[{"count":1,"href":"https:\/\/www.elpolitologoyelpolitico.com.ar\/wordpress\/wp-json\/wp\/v2\/posts\/44322\/revisions"}],"predecessor-version":[{"id":44324,"href":"https:\/\/www.elpolitologoyelpolitico.com.ar\/wordpress\/wp-json\/wp\/v2\/posts\/44322\/revisions\/44324"}],"wp:featuredmedia":[{"embeddable":true,"href":"https:\/\/www.elpolitologoyelpolitico.com.ar\/wordpress\/wp-json\/wp\/v2\/media\/44323"}],"wp:attachment":[{"href":"https:\/\/www.elpolitologoyelpolitico.com.ar\/wordpress\/wp-json\/wp\/v2\/media?parent=44322"}],"wp:term":[{"taxonomy":"category","embeddable":true,"href":"https:\/\/www.elpolitologoyelpolitico.com.ar\/wordpress\/wp-json\/wp\/v2\/categories?post=44322"},{"taxonomy":"post_tag","embeddable":true,"href":"https:\/\/www.elpolitologoyelpolitico.com.ar\/wordpress\/wp-json\/wp\/v2\/tags?post=44322"}],"curies":[{"name":"wp","href":"https:\/\/api.w.org\/{rel}","templated":true}]}}