{"id":44305,"date":"2026-03-15T13:35:00","date_gmt":"2026-03-15T16:35:00","guid":{"rendered":"https:\/\/www.elpolitologoyelpolitico.com.ar\/wordpress\/?p=44305"},"modified":"2026-03-15T13:33:00","modified_gmt":"2026-03-15T16:33:00","slug":"desmentida-y-polemica-lumilagro-cruzo-a-pichetto-por-denunciar-un-cierre-inexistente","status":"publish","type":"post","link":"https:\/\/www.elpolitologoyelpolitico.com.ar\/wordpress\/2026\/03\/15\/desmentida-y-polemica-lumilagro-cruzo-a-pichetto-por-denunciar-un-cierre-inexistente\/","title":{"rendered":"Desmentida y pol\u00e9mica: Lumilagro cruz\u00f3 a Pichetto por denunciar un cierre inexistente"},"content":{"rendered":"\n<p>En las \u00faltimas horas, una fuerte pol\u00e9mica sacudi\u00f3 el panorama industrial y pol\u00edtico argentino. El dirigente Miguel \u00c1ngel Pichetto qued\u00f3 en el centro de las cr\u00edticas tras afirmar p\u00fablicamente que la emblem\u00e1tica f\u00e1brica de termos Lumilagro hab\u00eda cerrado sus puertas, dejando a 170 trabajadores en la calle. Sin embargo, la respuesta de la compa\u00f1\u00eda no se hizo esperar y fue categ\u00f3rica: <strong>\u00abFALSO. La planta NO cerr\u00f3, sigue produciendo\u00bb<\/strong><strong>.<\/strong><\/p>\n\n\n\n<figure class=\"wp-block-image size-large is-resized\"><img fetchpriority=\"high\" decoding=\"async\" width=\"835\" height=\"1024\" src=\"https:\/\/www.elpolitologoyelpolitico.com.ar\/wp-content\/uploads\/2026\/03\/WhatsApp-Image-2026-03-15-at-9.48.21-AM-1-835x1024.jpeg\" alt=\"\" class=\"wp-image-44309\" style=\"aspect-ratio:0.8154561017363658;width:412px;height:auto\" srcset=\"https:\/\/www.elpolitologoyelpolitico.com.ar\/wp-content\/uploads\/2026\/03\/WhatsApp-Image-2026-03-15-at-9.48.21-AM-1-835x1024.jpeg 835w, https:\/\/www.elpolitologoyelpolitico.com.ar\/wp-content\/uploads\/2026\/03\/WhatsApp-Image-2026-03-15-at-9.48.21-AM-1-245x300.jpeg 245w, https:\/\/www.elpolitologoyelpolitico.com.ar\/wp-content\/uploads\/2026\/03\/WhatsApp-Image-2026-03-15-at-9.48.21-AM-1-768x942.jpeg 768w, https:\/\/www.elpolitologoyelpolitico.com.ar\/wp-content\/uploads\/2026\/03\/WhatsApp-Image-2026-03-15-at-9.48.21-AM-1.jpeg 992w\" sizes=\"(max-width: 835px) 100vw, 835px\" \/><\/figure>\n\n\n\n<p>La tensi\u00f3n escal\u00f3 r\u00e1pidamente en las redes sociales cuando la empresa decidi\u00f3 salir al cruce de las declaraciones del dirigente peronista. Lumilagro desminti\u00f3 el supuesto colapso productivo y, por el contrario, detall\u00f3 un ambicioso plan de crecimiento que contradice el escenario de crisis planteado por el dirigente.<\/p>\n\n\n\n<p>Seg\u00fan explicaron desde la firma, la realidad de la planta es opuesta a la versi\u00f3n de Pichetto. La empresa se encuentra en medio de un proceso de reconversi\u00f3n y expansi\u00f3n que incluye:<\/p>\n\n\n\n<ul class=\"wp-block-list\">\n<li>Apertura de locales propios y ampliaci\u00f3n de las \u00e1reas de marketing y dise\u00f1o.<\/li>\n\n\n\n<li>Exportaciones estrat\u00e9gicas a mercados regionales como Uruguay y Brasil.<\/li>\n\n\n\n<li>Desarrollo de una nueva l\u00ednea de productos fabricados \u00edntegramente en Argentina, dise\u00f1ados espec\u00edficamente para el consumo de mate.<\/li>\n<\/ul>\n\n\n\n<p>Desde la gerencia de la compa\u00f1\u00eda se\u00f1alaron que los cambios internos permitieron reducir costos y mejorar la calidad, lo que result\u00f3 en una duplicaci\u00f3n de las ventas. <strong>\u00abEl objetivo es que m\u00e1s argentinos accedan a un producto de calidad dise\u00f1ado para nuestras costumbres\u00bb<\/strong>, afirmaron, destacando que la innovaci\u00f3n tecnol\u00f3gica ha sido la clave para volver a crecer en un mercado competitivo.<\/p>\n\n\n\n<p>M\u00e1s all\u00e1 del cruce dial\u00e9ctico, el episodio reabri\u00f3 el debate sobre la responsabilidad de los l\u00edderes pol\u00edticos al difundir datos sensibles. La difusi\u00f3n de noticias falsas sobre el cierre de empresas no solo da\u00f1a la reputaci\u00f3n de marcas con trayectoria, sino que genera incertidumbre y miedo en los trabajadores y sus familias.<\/p>\n\n\n\n<p><strong>\u00abCuando dirigentes pol\u00edticos difunden informaci\u00f3n falsa sobre empresas y empleos, desinforman a miles de personas y afectan el clima de inversi\u00f3n\u00bb<\/strong>, se\u00f1alaron fuentes cercanas al sector industrial.<\/p>\n\n\n\n<figure class=\"wp-block-image size-large is-resized\"><img decoding=\"async\" width=\"666\" height=\"1024\" src=\"https:\/\/www.elpolitologoyelpolitico.com.ar\/wp-content\/uploads\/2026\/03\/WhatsApp-Image-2026-03-15-at-9.48.21-AM-666x1024.jpeg\" alt=\"\" class=\"wp-image-44308\" style=\"width:431px;height:auto\" srcset=\"https:\/\/www.elpolitologoyelpolitico.com.ar\/wp-content\/uploads\/2026\/03\/WhatsApp-Image-2026-03-15-at-9.48.21-AM-666x1024.jpeg 666w, https:\/\/www.elpolitologoyelpolitico.com.ar\/wp-content\/uploads\/2026\/03\/WhatsApp-Image-2026-03-15-at-9.48.21-AM-195x300.jpeg 195w, https:\/\/www.elpolitologoyelpolitico.com.ar\/wp-content\/uploads\/2026\/03\/WhatsApp-Image-2026-03-15-at-9.48.21-AM-768x1182.jpeg 768w, https:\/\/www.elpolitologoyelpolitico.com.ar\/wp-content\/uploads\/2026\/03\/WhatsApp-Image-2026-03-15-at-9.48.21-AM-998x1536.jpeg 998w, https:\/\/www.elpolitologoyelpolitico.com.ar\/wp-content\/uploads\/2026\/03\/WhatsApp-Image-2026-03-15-at-9.48.21-AM.jpeg 1040w\" sizes=\"(max-width: 666px) 100vw, 666px\" \/><\/figure>\n\n\n\n<p>En medio del conflicto, Lumilagro aprovech\u00f3 para lanzar una advertencia a los consumidores sobre la proliferaci\u00f3n de termos falsificados en el mercado. La empresa record\u00f3 que los productos que no cumplen con las normativas sanitarias pueden ser peligrosos: <strong>\u201cCuidado con los termos truchos. El acero puede ser t\u00f3xico\u201d<\/strong>, sentenciaron, reforzando la importancia de adquirir productos nacionales certificados.<\/p>\n\n\n\n<p>Mientras el debate sobre la producci\u00f3n nacional contin\u00faa en la agenda p\u00fablica, la f\u00e1brica de Tortuguitas sigue operativa, demostrando que, en esta ocasi\u00f3n, el relato pol\u00edtico choc\u00f3 de frente con la realidad productiva.<\/p>\n\n\n\n<figure class=\"wp-block-image size-full is-resized\"><img decoding=\"async\" width=\"720\" height=\"566\" src=\"https:\/\/www.elpolitologoyelpolitico.com.ar\/wp-content\/uploads\/2026\/03\/WhatsApp-Image-2026-03-15-at-9.48.22-AM.jpeg\" alt=\"\" class=\"wp-image-44307\" style=\"width:436px;height:auto\" srcset=\"https:\/\/www.elpolitologoyelpolitico.com.ar\/wp-content\/uploads\/2026\/03\/WhatsApp-Image-2026-03-15-at-9.48.22-AM.jpeg 720w, https:\/\/www.elpolitologoyelpolitico.com.ar\/wp-content\/uploads\/2026\/03\/WhatsApp-Image-2026-03-15-at-9.48.22-AM-300x236.jpeg 300w\" sizes=\"(max-width: 720px) 100vw, 720px\" \/><\/figure>\n\n\n\n<p><\/p>\n<div class=\"fb-background-color\">\n\t\t\t  <div \n\t\t\t  \tclass = \"fb-comments\" \n\t\t\t  \tdata-href = \"https:\/\/www.elpolitologoyelpolitico.com.ar\/wordpress\/2026\/03\/15\/desmentida-y-polemica-lumilagro-cruzo-a-pichetto-por-denunciar-un-cierre-inexistente\/\"\n\t\t\t  \tdata-numposts = \"10\"\n\t\t\t  \tdata-lazy = \"true\"\n\t\t\t\tdata-colorscheme = \"light\"\n\t\t\t\tdata-order-by = \"social\"\n\t\t\t\tdata-mobile=true>\n\t\t\t  <\/div><\/div>\n\t\t  <style>\n\t\t    .fb-background-color {\n\t\t\t\tbackground: #ffffff !important;\n\t\t\t}\n\t\t\t.fb_iframe_widget_fluid_desktop iframe {\n\t\t\t    width: 100% !important;\n\t\t\t}\n\t\t  <\/style>\n\t\t  ","protected":false},"excerpt":{"rendered":"<p>En las \u00faltimas horas, una fuerte pol\u00e9mica sacudi\u00f3 el panorama industrial y pol\u00edtico argentino. El dirigente Miguel \u00c1ngel Pichetto qued\u00f3 en el centro de las cr\u00edticas tras afirmar p\u00fablicamente que la emblem\u00e1tica f\u00e1brica de termos Lumilagro hab\u00eda cerrado sus puertas, dejando a 170 trabajadores en la calle. Sin embargo, la respuesta de la compa\u00f1\u00eda no [&hellip;]<\/p>\n","protected":false},"author":4,"featured_media":44306,"comment_status":"closed","ping_status":"closed","sticky":false,"template":"","format":"standard","meta":{"_joinchat":[],"footnotes":""},"categories":[39],"tags":[],"class_list":["post-44305","post","type-post","status-publish","format-standard","has-post-thumbnail","hentry","category-en-esta-seccion"],"_links":{"self":[{"href":"https:\/\/www.elpolitologoyelpolitico.com.ar\/wordpress\/wp-json\/wp\/v2\/posts\/44305","targetHints":{"allow":["GET"]}}],"collection":[{"href":"https:\/\/www.elpolitologoyelpolitico.com.ar\/wordpress\/wp-json\/wp\/v2\/posts"}],"about":[{"href":"https:\/\/www.elpolitologoyelpolitico.com.ar\/wordpress\/wp-json\/wp\/v2\/types\/post"}],"author":[{"embeddable":true,"href":"https:\/\/www.elpolitologoyelpolitico.com.ar\/wordpress\/wp-json\/wp\/v2\/users\/4"}],"replies":[{"embeddable":true,"href":"https:\/\/www.elpolitologoyelpolitico.com.ar\/wordpress\/wp-json\/wp\/v2\/comments?post=44305"}],"version-history":[{"count":2,"href":"https:\/\/www.elpolitologoyelpolitico.com.ar\/wordpress\/wp-json\/wp\/v2\/posts\/44305\/revisions"}],"predecessor-version":[{"id":44311,"href":"https:\/\/www.elpolitologoyelpolitico.com.ar\/wordpress\/wp-json\/wp\/v2\/posts\/44305\/revisions\/44311"}],"wp:featuredmedia":[{"embeddable":true,"href":"https:\/\/www.elpolitologoyelpolitico.com.ar\/wordpress\/wp-json\/wp\/v2\/media\/44306"}],"wp:attachment":[{"href":"https:\/\/www.elpolitologoyelpolitico.com.ar\/wordpress\/wp-json\/wp\/v2\/media?parent=44305"}],"wp:term":[{"taxonomy":"category","embeddable":true,"href":"https:\/\/www.elpolitologoyelpolitico.com.ar\/wordpress\/wp-json\/wp\/v2\/categories?post=44305"},{"taxonomy":"post_tag","embeddable":true,"href":"https:\/\/www.elpolitologoyelpolitico.com.ar\/wordpress\/wp-json\/wp\/v2\/tags?post=44305"}],"curies":[{"name":"wp","href":"https:\/\/api.w.org\/{rel}","templated":true}]}}