{"id":44302,"date":"2026-03-15T13:40:00","date_gmt":"2026-03-15T16:40:00","guid":{"rendered":"https:\/\/www.elpolitologoyelpolitico.com.ar\/wordpress\/?p=44302"},"modified":"2026-03-15T13:39:20","modified_gmt":"2026-03-15T16:39:20","slug":"un-influencer-fue-baleado-cuando-iba-a-vender-dos-celulares","status":"publish","type":"post","link":"https:\/\/www.elpolitologoyelpolitico.com.ar\/wordpress\/2026\/03\/15\/un-influencer-fue-baleado-cuando-iba-a-vender-dos-celulares\/","title":{"rendered":"Un influencer fue baleado cuando iba a vender dos celulares"},"content":{"rendered":"\n<p>Lo que deb\u00eda ser una transacci\u00f3n comercial de rutina se transform\u00f3 en una escena de pel\u00edcula de terror. Esta semana, el influencer y comerciante tecnol\u00f3gico Gabriel Garc\u00eda (32) fue v\u00edctima de una violenta emboscada en el sur de la Ciudad de Buenos Aires. El caso ha conmocionado a la opini\u00f3n p\u00fablica, no solo por la ferocidad del ataque, sino por la nitidez de las im\u00e1genes captadas por la propia v\u00edctima.<\/p>\n\n\n\n<p>Garc\u00eda, quien utiliza sus plataformas digitales para comercializar dispositivos m\u00f3viles, se dirigi\u00f3 el pasado jueves a la Plaza D\u00edaz V\u00e9lez, en Barracas, tras acordar la venta de dos iPhones. Seg\u00fan consta en la investigaci\u00f3n, el influencer lleg\u00f3 al lugar a bordo de su motocicleta sin sospechar que el supuesto cliente lo estaba esperando junto a un c\u00f3mplice para asaltarlo.<\/p>\n\n\n\n<p>En el video se observa c\u00f3mo Garc\u00eda detecta una actitud sospechosa cuando uno de los delincuentes intenta rodearlo. Al grito de <strong>\u00ab\u00a1No, no!\u00bb<\/strong>, el joven aceler\u00f3 su moto en un intento desesperado por escapar. Fue en ese microsegundo cuando uno de los atacantes extrajo un arma de fuego y efectu\u00f3 el disparo.<\/p>\n\n\n\n<p>A pesar del impacto de bala que recibi\u00f3 en su pierna derecha, Garc\u00eda logr\u00f3 mantener el equilibrio de la moto y alejarse de la zona de peligro. Pocas cuadras despu\u00e9s, se vio obligado a detenerse debido al intenso dolor y la p\u00e9rdida de sangre, momento en el cual fue asistido por vecinos que llamaron al 911.<\/p>\n\n\n\n<p><strong>\u00abSent\u00ed el estallido y el calor en la pierna. Mi \u00fanica reacci\u00f3n fue acelerar para que no me sacaran nada y, sobre todo, para salvar mi vida\u00bb<\/strong>, declar\u00f3 la v\u00edctima desde el centro asistencial.<\/p>\n\n\n\n<p>El servicio de emergencias SAME traslad\u00f3 al influencer al Hospital Penna. Los m\u00e9dicos confirmaron que el proyectil afect\u00f3 tejidos blandos, pero no comprometi\u00f3 arterias principales ni estructuras \u00f3seas, por lo que se encuentra fuera de peligro y en etapa de recuperaci\u00f3n.<\/p>\n\n\n\n<p>La Fiscal\u00eda Criminal y Correccional N.\u00ba 23 ha caratulado la causa como <strong>\u00abRobo agravado por el uso de arma de fuego en grado de tentativa\u00bb<\/strong>. Los investigadores conf\u00edan en que la tecnolog\u00eda utilizada por \u00abEl Profe\u00bb (una c\u00e1mara integrada en sus lentes) permita identificar los rostros de los delincuentes, quienes huyeron del lugar sin lograr concretar el robo.<\/p>\n<div class=\"fb-background-color\">\n\t\t\t  <div \n\t\t\t  \tclass = \"fb-comments\" \n\t\t\t  \tdata-href = \"https:\/\/www.elpolitologoyelpolitico.com.ar\/wordpress\/2026\/03\/15\/un-influencer-fue-baleado-cuando-iba-a-vender-dos-celulares\/\"\n\t\t\t  \tdata-numposts = \"10\"\n\t\t\t  \tdata-lazy = \"true\"\n\t\t\t\tdata-colorscheme = \"light\"\n\t\t\t\tdata-order-by = \"social\"\n\t\t\t\tdata-mobile=true>\n\t\t\t  <\/div><\/div>\n\t\t  <style>\n\t\t    .fb-background-color {\n\t\t\t\tbackground: #ffffff !important;\n\t\t\t}\n\t\t\t.fb_iframe_widget_fluid_desktop iframe {\n\t\t\t    width: 100% !important;\n\t\t\t}\n\t\t  <\/style>\n\t\t  ","protected":false},"excerpt":{"rendered":"<p>Lo que deb\u00eda ser una transacci\u00f3n comercial de rutina se transform\u00f3 en una escena de pel\u00edcula de terror. Esta semana, el influencer y comerciante tecnol\u00f3gico Gabriel Garc\u00eda (32) fue v\u00edctima de una violenta emboscada en el sur de la Ciudad de Buenos Aires. El caso ha conmocionado a la opini\u00f3n p\u00fablica, no solo por la [&hellip;]<\/p>\n","protected":false},"author":4,"featured_media":44303,"comment_status":"closed","ping_status":"closed","sticky":false,"template":"","format":"standard","meta":{"_joinchat":[],"footnotes":""},"categories":[39],"tags":[],"class_list":["post-44302","post","type-post","status-publish","format-standard","has-post-thumbnail","hentry","category-en-esta-seccion"],"_links":{"self":[{"href":"https:\/\/www.elpolitologoyelpolitico.com.ar\/wordpress\/wp-json\/wp\/v2\/posts\/44302","targetHints":{"allow":["GET"]}}],"collection":[{"href":"https:\/\/www.elpolitologoyelpolitico.com.ar\/wordpress\/wp-json\/wp\/v2\/posts"}],"about":[{"href":"https:\/\/www.elpolitologoyelpolitico.com.ar\/wordpress\/wp-json\/wp\/v2\/types\/post"}],"author":[{"embeddable":true,"href":"https:\/\/www.elpolitologoyelpolitico.com.ar\/wordpress\/wp-json\/wp\/v2\/users\/4"}],"replies":[{"embeddable":true,"href":"https:\/\/www.elpolitologoyelpolitico.com.ar\/wordpress\/wp-json\/wp\/v2\/comments?post=44302"}],"version-history":[{"count":1,"href":"https:\/\/www.elpolitologoyelpolitico.com.ar\/wordpress\/wp-json\/wp\/v2\/posts\/44302\/revisions"}],"predecessor-version":[{"id":44304,"href":"https:\/\/www.elpolitologoyelpolitico.com.ar\/wordpress\/wp-json\/wp\/v2\/posts\/44302\/revisions\/44304"}],"wp:featuredmedia":[{"embeddable":true,"href":"https:\/\/www.elpolitologoyelpolitico.com.ar\/wordpress\/wp-json\/wp\/v2\/media\/44303"}],"wp:attachment":[{"href":"https:\/\/www.elpolitologoyelpolitico.com.ar\/wordpress\/wp-json\/wp\/v2\/media?parent=44302"}],"wp:term":[{"taxonomy":"category","embeddable":true,"href":"https:\/\/www.elpolitologoyelpolitico.com.ar\/wordpress\/wp-json\/wp\/v2\/categories?post=44302"},{"taxonomy":"post_tag","embeddable":true,"href":"https:\/\/www.elpolitologoyelpolitico.com.ar\/wordpress\/wp-json\/wp\/v2\/tags?post=44302"}],"curies":[{"name":"wp","href":"https:\/\/api.w.org\/{rel}","templated":true}]}}