{"id":44299,"date":"2026-03-15T13:38:00","date_gmt":"2026-03-15T16:38:00","guid":{"rendered":"https:\/\/www.elpolitologoyelpolitico.com.ar\/wordpress\/?p=44299"},"modified":"2026-03-15T13:36:09","modified_gmt":"2026-03-15T16:36:09","slug":"trasladan-al-hospital-a-silvia-fuente-la-mujer-que-estaba-encadenada-frente-a-la-casa-de-gobierno-reclamando-un-sueldo-digno","status":"publish","type":"post","link":"https:\/\/www.elpolitologoyelpolitico.com.ar\/wordpress\/2026\/03\/15\/trasladan-al-hospital-a-silvia-fuente-la-mujer-que-estaba-encadenada-frente-a-la-casa-de-gobierno-reclamando-un-sueldo-digno\/","title":{"rendered":"Trasladan al hospital a Silvia Fuente, la mujer que estaba encadenada frente a la casa de gobierno reclamando un sueldo digno"},"content":{"rendered":"\n<p>En una jornada marcada por la tensi\u00f3n y la preocupaci\u00f3n, Silvia, una trabajadora rionegrina que manten\u00eda una medida de fuerza extrema, debi\u00f3 ser trasladada de urgencia al hospital local de la capital provincial. La mujer se encontraba cumpliendo una huelga de hambre, permaneciendo encadenada frente a la Casa de Gobierno en reclamo de salarios dignos.<\/p>\n\n\n\n<p>La medida de fuerza, que buscaba visibilizar el descontento salarial de los trabajadores del sector, alcanz\u00f3 un punto cr\u00edtico cuando el estado de salud de Silvia se deterior\u00f3 visiblemente. Seg\u00fan denunciaron sus propios compa\u00f1eros, la falta de respuesta oficial por parte del Ejecutivo provincial fue el detonante de este desenlace.<\/p>\n\n\n\n<p><strong>\u00abMientras el Gobernador y sus funcionarios garantizan su bienestar personal, el respeto por los rionegrinos brilla por su ausencia\u00bb<\/strong>, expresaron con indignaci\u00f3n desde su entorno cercano durante el operativo de traslado.<\/p>\n\n\n\n<figure class=\"wp-block-image size-large is-resized\"><img fetchpriority=\"high\" decoding=\"async\" width=\"576\" height=\"1024\" src=\"https:\/\/www.elpolitologoyelpolitico.com.ar\/wp-content\/uploads\/2026\/03\/WhatsApp-Image-2026-03-15-at-12.41.50-PM-576x1024.jpeg\" alt=\"\" class=\"wp-image-44312\" style=\"aspect-ratio:0.5625137332454405;width:275px;height:auto\" srcset=\"https:\/\/www.elpolitologoyelpolitico.com.ar\/wp-content\/uploads\/2026\/03\/WhatsApp-Image-2026-03-15-at-12.41.50-PM-576x1024.jpeg 576w, https:\/\/www.elpolitologoyelpolitico.com.ar\/wp-content\/uploads\/2026\/03\/WhatsApp-Image-2026-03-15-at-12.41.50-PM-169x300.jpeg 169w, https:\/\/www.elpolitologoyelpolitico.com.ar\/wp-content\/uploads\/2026\/03\/WhatsApp-Image-2026-03-15-at-12.41.50-PM-768x1366.jpeg 768w, https:\/\/www.elpolitologoyelpolitico.com.ar\/wp-content\/uploads\/2026\/03\/WhatsApp-Image-2026-03-15-at-12.41.50-PM-864x1536.jpeg 864w, https:\/\/www.elpolitologoyelpolitico.com.ar\/wp-content\/uploads\/2026\/03\/WhatsApp-Image-2026-03-15-at-12.41.50-PM.jpeg 899w\" sizes=\"(max-width: 576px) 100vw, 576px\" \/><\/figure>\n\n\n\n<p>El traslado de la manifestante ha generado una ola de reclamos dirigida no solo a las autoridades pol\u00edticas, sino tambi\u00e9n a otros sectores de la sociedad civil. Los manifestantes y allegados a la trabajadora han realizado un llamado p\u00fablico a:<\/p>\n\n\n\n<ul class=\"wp-block-list\">\n<li>Autoridades provinciales: Para una resoluci\u00f3n inmediata del conflicto salarial.<\/li>\n\n\n\n<li>El Obispado: Para que intervenga como mediador en un contexto de creciente vulnerabilidad.<\/li>\n\n\n\n<li>La comunidad: Para difundir la situaci\u00f3n y evitar lo que califican como un \u00ababandono provincial\u00bb.<\/li>\n<\/ul>\n\n\n\n<p>El caso de Silvia pone de manifiesto la profundidad del malestar social en la provincia. La imagen de una trabajadora encadenada y en ayunas frente a la sede del poder pol\u00edtico representa una de las postales m\u00e1s crudas de la actual crisis econ\u00f3mica que atraviesan los empleados p\u00fablicos de R\u00edo Negro.<\/p>\n\n\n\n<p>Hasta el momento, no se ha emitido un parte m\u00e9dico oficial sobre la evoluci\u00f3n de Silvia, aunque sus camaradas permanecen en alerta y aseguran que la lucha por un sueldo digno continuar\u00e1 a pesar de este duro rev\u00e9s.<\/p>\n<div class=\"fb-background-color\">\n\t\t\t  <div \n\t\t\t  \tclass = \"fb-comments\" \n\t\t\t  \tdata-href = \"https:\/\/www.elpolitologoyelpolitico.com.ar\/wordpress\/2026\/03\/15\/trasladan-al-hospital-a-silvia-fuente-la-mujer-que-estaba-encadenada-frente-a-la-casa-de-gobierno-reclamando-un-sueldo-digno\/\"\n\t\t\t  \tdata-numposts = \"10\"\n\t\t\t  \tdata-lazy = \"true\"\n\t\t\t\tdata-colorscheme = \"light\"\n\t\t\t\tdata-order-by = \"social\"\n\t\t\t\tdata-mobile=true>\n\t\t\t  <\/div><\/div>\n\t\t  <style>\n\t\t    .fb-background-color {\n\t\t\t\tbackground: #ffffff !important;\n\t\t\t}\n\t\t\t.fb_iframe_widget_fluid_desktop iframe {\n\t\t\t    width: 100% !important;\n\t\t\t}\n\t\t  <\/style>\n\t\t  ","protected":false},"excerpt":{"rendered":"<p>En una jornada marcada por la tensi\u00f3n y la preocupaci\u00f3n, Silvia, una trabajadora rionegrina que manten\u00eda una medida de fuerza extrema, debi\u00f3 ser trasladada de urgencia al hospital local de la capital provincial. La mujer se encontraba cumpliendo una huelga de hambre, permaneciendo encadenada frente a la Casa de Gobierno en reclamo de salarios dignos. [&hellip;]<\/p>\n","protected":false},"author":4,"featured_media":44300,"comment_status":"closed","ping_status":"closed","sticky":false,"template":"","format":"standard","meta":{"_joinchat":[],"footnotes":""},"categories":[39],"tags":[],"class_list":["post-44299","post","type-post","status-publish","format-standard","has-post-thumbnail","hentry","category-en-esta-seccion"],"_links":{"self":[{"href":"https:\/\/www.elpolitologoyelpolitico.com.ar\/wordpress\/wp-json\/wp\/v2\/posts\/44299","targetHints":{"allow":["GET"]}}],"collection":[{"href":"https:\/\/www.elpolitologoyelpolitico.com.ar\/wordpress\/wp-json\/wp\/v2\/posts"}],"about":[{"href":"https:\/\/www.elpolitologoyelpolitico.com.ar\/wordpress\/wp-json\/wp\/v2\/types\/post"}],"author":[{"embeddable":true,"href":"https:\/\/www.elpolitologoyelpolitico.com.ar\/wordpress\/wp-json\/wp\/v2\/users\/4"}],"replies":[{"embeddable":true,"href":"https:\/\/www.elpolitologoyelpolitico.com.ar\/wordpress\/wp-json\/wp\/v2\/comments?post=44299"}],"version-history":[{"count":2,"href":"https:\/\/www.elpolitologoyelpolitico.com.ar\/wordpress\/wp-json\/wp\/v2\/posts\/44299\/revisions"}],"predecessor-version":[{"id":44313,"href":"https:\/\/www.elpolitologoyelpolitico.com.ar\/wordpress\/wp-json\/wp\/v2\/posts\/44299\/revisions\/44313"}],"wp:featuredmedia":[{"embeddable":true,"href":"https:\/\/www.elpolitologoyelpolitico.com.ar\/wordpress\/wp-json\/wp\/v2\/media\/44300"}],"wp:attachment":[{"href":"https:\/\/www.elpolitologoyelpolitico.com.ar\/wordpress\/wp-json\/wp\/v2\/media?parent=44299"}],"wp:term":[{"taxonomy":"category","embeddable":true,"href":"https:\/\/www.elpolitologoyelpolitico.com.ar\/wordpress\/wp-json\/wp\/v2\/categories?post=44299"},{"taxonomy":"post_tag","embeddable":true,"href":"https:\/\/www.elpolitologoyelpolitico.com.ar\/wordpress\/wp-json\/wp\/v2\/tags?post=44299"}],"curies":[{"name":"wp","href":"https:\/\/api.w.org\/{rel}","templated":true}]}}