{"id":44296,"date":"2026-03-15T13:56:00","date_gmt":"2026-03-15T16:56:00","guid":{"rendered":"https:\/\/www.elpolitologoyelpolitico.com.ar\/wordpress\/?p=44296"},"modified":"2026-03-15T13:54:38","modified_gmt":"2026-03-15T16:54:38","slug":"marcharon-en-lamarque-para-pedir-justicia-por-kevin-hernandez","status":"publish","type":"post","link":"https:\/\/www.elpolitologoyelpolitico.com.ar\/wordpress\/2026\/03\/15\/marcharon-en-lamarque-para-pedir-justicia-por-kevin-hernandez\/","title":{"rendered":"Marcharon en Lamarque para pedir Justicia por Kevin Hern\u00e1ndez"},"content":{"rendered":"\n<p>La localidad de Lamarque atraviesa sus horas m\u00e1s oscuras. Lo que comenz\u00f3 como una b\u00fasqueda de paradero el pasado 22 de febrero se ha transformado en un reclamo de justicia que mantiene en vilo a toda la regi\u00f3n. Este s\u00e1bado, familiares y vecinos de Kevin Hern\u00e1ndez, el joven de 26 a\u00f1os desaparecido, volvieron a concentrarse frente al edificio municipal en una marcha que reflej\u00f3 la angustia y la impaciencia ante la falta de avances concretos.<\/p>\n\n\n\n<p>A diferencia de los primeros d\u00edas, donde la esperanza de encontrarlo con vida guiaba los operativos, el discurso de la familia ha tomado un tono tr\u00e1gico. En declaraciones recientes, sus allegados manifestaron que las sospechas apuntan ahora a un desenlace fatal. <strong>\u00abEstamos buscando su cuerpo\u00bb<\/strong>, se\u00f1alaron con crudeza, reflejando el convencimiento de que Kevin no se ausent\u00f3 por voluntad propia, sino que pudo haber sido v\u00edctima de un hecho violento.<\/p>\n\n\n\n<p>La desaparici\u00f3n de Kevin ha tenido un impacto institucional sin precedentes en la ciudad, llegando incluso a la suspensi\u00f3n de la Fiesta Nacional del Tomate y la Producci\u00f3n, una decisi\u00f3n tomada por el municipio en se\u00f1al de respeto y para volcar todos los recursos de seguridad a la investigaci\u00f3n.<\/p>\n\n\n\n<p>Hasta el momento, la Polic\u00eda de R\u00edo Negro y el Ministerio P\u00fablico Fiscal han desplegado un operativo masivo que incluye:<\/p>\n\n\n\n<ul class=\"wp-block-list\">\n<li>Nueve allanamientos: En diversos puntos de la ciudad y zonas rurales, donde se secuestraron tel\u00e9fonos celulares, prendas de vestir y elementos que est\u00e1n siendo peritados.<\/li>\n\n\n\n<li>Rastrillajes intensivos: Con la participaci\u00f3n del grupo COER, drones, la divisi\u00f3n canes y la Prefectura Naval, que ha inspeccionado el cauce del r\u00edo Negro y los canales de riego.<\/li>\n\n\n\n<li>Hallazgos paralelos: Durante uno de los operativos en el barrio Arenal, la polic\u00eda incaut\u00f3 1,4 kilos de marihuana, lo que deriv\u00f3 en una causa federal paralela, aunque todav\u00eda no se ha establecido un v\u00ednculo directo con el destino de Hern\u00e1ndez.<\/li>\n<\/ul>\n\n\n\n<p>La movilizaci\u00f3n de este fin de semana no solo busc\u00f3 visibilizar el caso, sino tambi\u00e9n presionar por una mayor celeridad en los peritajes. La familia sostiene un acampe permanente en la plaza central de Lamarque, donde reciben el apoyo de una comunidad que se siente vulnerable.<\/p>\n\n\n\n<p><strong>\u00abNo vamos a callarnos hasta que aparezca Kevin\u00bb<\/strong>, aseguraron durante la marcha. Por ahora, el hermetismo judicial es total respecto a la \u00faltima persona que fue vista con \u00e9l, quien ya habr\u00eda sido identificada mediante c\u00e1maras de seguridad y se encuentra bajo investigaci\u00f3n.<\/p>\n\n\n\n<p>Mientras los d\u00edas pasan, Lamarque sigue marchando y la familia espera por la verdad. <\/p>\n\n\n\n<p><\/p>\n<div class=\"fb-background-color\">\n\t\t\t  <div \n\t\t\t  \tclass = \"fb-comments\" \n\t\t\t  \tdata-href = \"https:\/\/www.elpolitologoyelpolitico.com.ar\/wordpress\/2026\/03\/15\/marcharon-en-lamarque-para-pedir-justicia-por-kevin-hernandez\/\"\n\t\t\t  \tdata-numposts = \"10\"\n\t\t\t  \tdata-lazy = \"true\"\n\t\t\t\tdata-colorscheme = \"light\"\n\t\t\t\tdata-order-by = \"social\"\n\t\t\t\tdata-mobile=true>\n\t\t\t  <\/div><\/div>\n\t\t  <style>\n\t\t    .fb-background-color {\n\t\t\t\tbackground: #ffffff !important;\n\t\t\t}\n\t\t\t.fb_iframe_widget_fluid_desktop iframe {\n\t\t\t    width: 100% !important;\n\t\t\t}\n\t\t  <\/style>\n\t\t  ","protected":false},"excerpt":{"rendered":"<p>La localidad de Lamarque atraviesa sus horas m\u00e1s oscuras. Lo que comenz\u00f3 como una b\u00fasqueda de paradero el pasado 22 de febrero se ha transformado en un reclamo de justicia que mantiene en vilo a toda la regi\u00f3n. Este s\u00e1bado, familiares y vecinos de Kevin Hern\u00e1ndez, el joven de 26 a\u00f1os desaparecido, volvieron a concentrarse [&hellip;]<\/p>\n","protected":false},"author":4,"featured_media":44297,"comment_status":"closed","ping_status":"closed","sticky":false,"template":"","format":"standard","meta":{"_joinchat":[],"footnotes":""},"categories":[39],"tags":[],"class_list":["post-44296","post","type-post","status-publish","format-standard","has-post-thumbnail","hentry","category-en-esta-seccion"],"_links":{"self":[{"href":"https:\/\/www.elpolitologoyelpolitico.com.ar\/wordpress\/wp-json\/wp\/v2\/posts\/44296","targetHints":{"allow":["GET"]}}],"collection":[{"href":"https:\/\/www.elpolitologoyelpolitico.com.ar\/wordpress\/wp-json\/wp\/v2\/posts"}],"about":[{"href":"https:\/\/www.elpolitologoyelpolitico.com.ar\/wordpress\/wp-json\/wp\/v2\/types\/post"}],"author":[{"embeddable":true,"href":"https:\/\/www.elpolitologoyelpolitico.com.ar\/wordpress\/wp-json\/wp\/v2\/users\/4"}],"replies":[{"embeddable":true,"href":"https:\/\/www.elpolitologoyelpolitico.com.ar\/wordpress\/wp-json\/wp\/v2\/comments?post=44296"}],"version-history":[{"count":1,"href":"https:\/\/www.elpolitologoyelpolitico.com.ar\/wordpress\/wp-json\/wp\/v2\/posts\/44296\/revisions"}],"predecessor-version":[{"id":44298,"href":"https:\/\/www.elpolitologoyelpolitico.com.ar\/wordpress\/wp-json\/wp\/v2\/posts\/44296\/revisions\/44298"}],"wp:featuredmedia":[{"embeddable":true,"href":"https:\/\/www.elpolitologoyelpolitico.com.ar\/wordpress\/wp-json\/wp\/v2\/media\/44297"}],"wp:attachment":[{"href":"https:\/\/www.elpolitologoyelpolitico.com.ar\/wordpress\/wp-json\/wp\/v2\/media?parent=44296"}],"wp:term":[{"taxonomy":"category","embeddable":true,"href":"https:\/\/www.elpolitologoyelpolitico.com.ar\/wordpress\/wp-json\/wp\/v2\/categories?post=44296"},{"taxonomy":"post_tag","embeddable":true,"href":"https:\/\/www.elpolitologoyelpolitico.com.ar\/wordpress\/wp-json\/wp\/v2\/tags?post=44296"}],"curies":[{"name":"wp","href":"https:\/\/api.w.org\/{rel}","templated":true}]}}