{"id":44289,"date":"2026-03-14T14:29:09","date_gmt":"2026-03-14T17:29:09","guid":{"rendered":"https:\/\/www.elpolitologoyelpolitico.com.ar\/wordpress\/?p=44289"},"modified":"2026-03-14T14:32:26","modified_gmt":"2026-03-14T17:32:26","slug":"ante-el-escandalo-una-concejal-peronista-renuncio-a-su-dieta-mensual","status":"publish","type":"post","link":"https:\/\/www.elpolitologoyelpolitico.com.ar\/wordpress\/2026\/03\/14\/ante-el-escandalo-una-concejal-peronista-renuncio-a-su-dieta-mensual\/","title":{"rendered":"Ante el esc\u00e1ndalo una concejal peronista renunci\u00f3 a su dieta mensual"},"content":{"rendered":"\n<p>La funci\u00f3n p\u00fablica exige coherencia. Si existi\u00f3 una irregularidad en el cobro de haberes por incompatibilidad, la renuncia a la dieta actual es solo el primer paso. El segundo, y m\u00e1s importante, es el resarcimiento al erario p\u00fablico.<\/p>\n\n\n\n<p>La concejal Roc\u00edo Sgaravato, del bloque Fuerza Patria, sacudi\u00f3 el tablero pol\u00edtico local con un anuncio que, a primera vista, parece un gesto de desprendimiento y transparencia: la renuncia formal a su dieta mensual. El argumento esgrimido es una superposici\u00f3n horaria con su labor docente. Sin embargo, detr\u00e1s del lenguaje de los \u00abaltos est\u00e1ndares \u00e9ticos\u00bb y el \u00abcompromiso vecinal\u00bb, asoman interrogantes que la edil a\u00fan no ha logrado despejar.<\/p>\n\n\n\n<p>A trav\u00e9s de una nota oficial, Sgaravato justific\u00f3 su decisi\u00f3n como una medida para evitar \u00abconflictos de intereses\u00bb. Seg\u00fan sus propias palabras, busca que su labor legislativa se desarrolle bajo una \u00e9tica intachable. No obstante, la pregunta que circula en los pasillos del Concejo Deliberante es el momento elegido para esta renuncia.<\/p>\n\n\n\n<p>Si la incompatibilidad horaria entre el aula y la banca existe hoy, exist\u00eda tambi\u00e9n el pasado 10 de diciembre, cuando asumi\u00f3 sus funciones. El interrogante es inevitable: \u00bfPor qu\u00e9 la transparencia tard\u00f3 tres meses en llegar?<\/p>\n\n\n\n<p>El comunicado de la concejal omite un detalle financiero y legal no menor. Durante el primer trimestre de su gesti\u00f3n, Sgaravato habr\u00eda estado en una situaci\u00f3n de doble percepci\u00f3n de haberes o, al menos, de incompatibilidad horaria no declarada.<\/p>\n\n\n\n<ul class=\"wp-block-list\">\n<li>\u00bfQu\u00e9 sucedi\u00f3 con los sueldos percibidos en diciembre, enero y febrero?<\/li>\n\n\n\n<li>\u00bfCobr\u00f3 simult\u00e1neamente como docente y como legisladora sabiendo que sus horarios se superpon\u00edan?<\/li>\n<\/ul>\n\n\n\n<p>Hasta el momento, no ha habido menci\u00f3n alguna sobre una devoluci\u00f3n del dinero percibido durante esos meses. Hablar de \u00abintegridad\u00bb mientras se retienen fondos obtenidos bajo una irregularidad horaria resulta, cuanto menos, contradictorio. La \u00e9tica p\u00fablica no es un interruptor que se enciende cuando la presi\u00f3n aumenta; es una conducta constante desde el primer d\u00eda de gesti\u00f3n.<\/p>\n\n\n\n<p>Sgaravato asegura que esta decisi\u00f3n no afectar\u00e1 su trabajo territorial. <strong>\u00abHay personas que esperan respuestas\u00bb<\/strong>, sostuvo. Es cierto, la comunidad espera respuestas, pero no solo sobre proyectos legislativos, sino sobre el manejo de los fondos p\u00fablicos que salen del pago de las tasas.<\/p>\n\n\n\n<p>Si la intenci\u00f3n de la edil es dar una se\u00f1al clara de integridad, el gesto queda a mitad de camino. La transparencia real no se agota en dejar de cobrar a futuro cuando el conflicto de intereses se vuelve insostenible; se demuestra rindiendo cuentas sobre lo actuado.<\/p>\n<div class=\"fb-background-color\">\n\t\t\t  <div \n\t\t\t  \tclass = \"fb-comments\" \n\t\t\t  \tdata-href = \"https:\/\/www.elpolitologoyelpolitico.com.ar\/wordpress\/2026\/03\/14\/ante-el-escandalo-una-concejal-peronista-renuncio-a-su-dieta-mensual\/\"\n\t\t\t  \tdata-numposts = \"10\"\n\t\t\t  \tdata-lazy = \"true\"\n\t\t\t\tdata-colorscheme = \"light\"\n\t\t\t\tdata-order-by = \"social\"\n\t\t\t\tdata-mobile=true>\n\t\t\t  <\/div><\/div>\n\t\t  <style>\n\t\t    .fb-background-color {\n\t\t\t\tbackground: #ffffff !important;\n\t\t\t}\n\t\t\t.fb_iframe_widget_fluid_desktop iframe {\n\t\t\t    width: 100% !important;\n\t\t\t}\n\t\t  <\/style>\n\t\t  ","protected":false},"excerpt":{"rendered":"<p>La funci\u00f3n p\u00fablica exige coherencia. Si existi\u00f3 una irregularidad en el cobro de haberes por incompatibilidad, la renuncia a la dieta actual es solo el primer paso. El segundo, y m\u00e1s importante, es el resarcimiento al erario p\u00fablico. La concejal Roc\u00edo Sgaravato, del bloque Fuerza Patria, sacudi\u00f3 el tablero pol\u00edtico local con un anuncio que, [&hellip;]<\/p>\n","protected":false},"author":4,"featured_media":44290,"comment_status":"closed","ping_status":"closed","sticky":false,"template":"","format":"standard","meta":{"_joinchat":[],"footnotes":""},"categories":[21],"tags":[],"class_list":["post-44289","post","type-post","status-publish","format-standard","has-post-thumbnail","hentry","category-actores-politicos"],"_links":{"self":[{"href":"https:\/\/www.elpolitologoyelpolitico.com.ar\/wordpress\/wp-json\/wp\/v2\/posts\/44289","targetHints":{"allow":["GET"]}}],"collection":[{"href":"https:\/\/www.elpolitologoyelpolitico.com.ar\/wordpress\/wp-json\/wp\/v2\/posts"}],"about":[{"href":"https:\/\/www.elpolitologoyelpolitico.com.ar\/wordpress\/wp-json\/wp\/v2\/types\/post"}],"author":[{"embeddable":true,"href":"https:\/\/www.elpolitologoyelpolitico.com.ar\/wordpress\/wp-json\/wp\/v2\/users\/4"}],"replies":[{"embeddable":true,"href":"https:\/\/www.elpolitologoyelpolitico.com.ar\/wordpress\/wp-json\/wp\/v2\/comments?post=44289"}],"version-history":[{"count":2,"href":"https:\/\/www.elpolitologoyelpolitico.com.ar\/wordpress\/wp-json\/wp\/v2\/posts\/44289\/revisions"}],"predecessor-version":[{"id":44292,"href":"https:\/\/www.elpolitologoyelpolitico.com.ar\/wordpress\/wp-json\/wp\/v2\/posts\/44289\/revisions\/44292"}],"wp:featuredmedia":[{"embeddable":true,"href":"https:\/\/www.elpolitologoyelpolitico.com.ar\/wordpress\/wp-json\/wp\/v2\/media\/44290"}],"wp:attachment":[{"href":"https:\/\/www.elpolitologoyelpolitico.com.ar\/wordpress\/wp-json\/wp\/v2\/media?parent=44289"}],"wp:term":[{"taxonomy":"category","embeddable":true,"href":"https:\/\/www.elpolitologoyelpolitico.com.ar\/wordpress\/wp-json\/wp\/v2\/categories?post=44289"},{"taxonomy":"post_tag","embeddable":true,"href":"https:\/\/www.elpolitologoyelpolitico.com.ar\/wordpress\/wp-json\/wp\/v2\/tags?post=44289"}],"curies":[{"name":"wp","href":"https:\/\/api.w.org\/{rel}","templated":true}]}}