{"id":44281,"date":"2026-03-13T23:55:07","date_gmt":"2026-03-14T02:55:07","guid":{"rendered":"https:\/\/www.elpolitologoyelpolitico.com.ar\/wordpress\/?p=44281"},"modified":"2026-03-14T00:01:29","modified_gmt":"2026-03-14T03:01:29","slug":"muerte-de-ramiro-dina-la-fiscalia-archivo-la-investigacion-y-fundamento-que-no-hubo-una-relacion-casual-entre-la-policia-y-el-joven","status":"publish","type":"post","link":"https:\/\/www.elpolitologoyelpolitico.com.ar\/wordpress\/2026\/03\/13\/muerte-de-ramiro-dina-la-fiscalia-archivo-la-investigacion-y-fundamento-que-no-hubo-una-relacion-casual-entre-la-policia-y-el-joven\/","title":{"rendered":"Muerte de Ramiro Dina: La Fiscalia archivo la investigaci\u00f3n y fundament\u00f3 que no hubo una relaci\u00f3n casual entre la polic\u00eda y el joven"},"content":{"rendered":"\n<p>En la jornada de ayer, el fiscal que investig\u00f3 las circunstancias en las que se produjo la muerte del joven Ramiro Dina se reuni\u00f3 con su familia constituida como querella en el legajo, para darles a conocer la totalidad de las medidas realizadas en el marco del mismo. Dina falleci\u00f3 el 9 de febrero de 2025 mientras se encontraba bajo custodia de ocho agentes policiales cuyo accionar se analiz\u00f3 en esta causa.<\/p>\n\n\n\n<p>La primera medida fue disponer el apartamiento de la Polic\u00eda de R\u00edo Negro de las tareas de investigaci\u00f3n, en cumplimiento de lo dispuesto por la Instrucci\u00f3n General N\u00ba 7\/18. A partir de ese momento, las pesquisas dirigidas por la Fiscal\u00eda N\u00b0 3 quedaron a cargo de la Polic\u00eda Federal, que inmediatamente secuestr\u00f3 la documentaci\u00f3n de la unidad policial y el m\u00f3vil en el que hab\u00eda sido trasladado el joven de 22 a\u00f1os. Adem\u00e1s, supervis\u00f3 el trabajo realizado por el gabinete de criminal\u00edstica en el lugar.<\/p>\n\n\n\n<figure class=\"wp-block-image size-full\"><img fetchpriority=\"high\" decoding=\"async\" width=\"640\" height=\"312\" src=\"https:\/\/www.elpolitologoyelpolitico.com.ar\/wp-content\/uploads\/2026\/03\/IVI-FRANCO-3-4.png\" alt=\"\" class=\"wp-image-44284\" srcset=\"https:\/\/www.elpolitologoyelpolitico.com.ar\/wp-content\/uploads\/2026\/03\/IVI-FRANCO-3-4.png 640w, https:\/\/www.elpolitologoyelpolitico.com.ar\/wp-content\/uploads\/2026\/03\/IVI-FRANCO-3-4-300x146.png 300w\" sizes=\"(max-width: 640px) 100vw, 640px\" \/><\/figure>\n\n\n\n<p>La requisa del veh\u00edculo oficial se realiz\u00f3 el mismo d\u00eda del hecho en el cuartel de bomberos donde se encontraba depositado. Para ello se utiliz\u00f3 equipamiento de luces forenses, lo que permiti\u00f3 extraer muestras para posteriores cotejos. Todas estas tareas se realizaron con presencia de testigos.<\/p>\n\n\n\n<p>En el marco de la investigaci\u00f3n se recab\u00f3 una gran cantidad de testimonios. El an\u00e1lisis exhaustivo de 33 de ellos permiti\u00f3 reconstruir los momentos previos, simult\u00e1neos y posteriores al deceso del joven.<\/p>\n\n\n\n<p>Se escuch\u00f3 a asistentes y personal de seguridad del partido de f\u00fatbol en el que se encontraba Ramiro, vecinos de los barrios del kil\u00f3metro 9 y Guido; el enfermero, la m\u00e9dica y el chofer de la ambulancia que lleg\u00f3 a la Comisar\u00eda 30, oficiales de servicio y responsables de la comisar\u00eda, adem\u00e1s de empleados del 911.<\/p>\n\n\n\n<p>A ello se suma una detallada reconstrucci\u00f3n de la secuencia de los hechos, realizada a partir de la visualizaci\u00f3n de c\u00e1maras de seguridad p\u00fablicas y privadas de la zona, junto con el an\u00e1lisis de la carta de llamadas del 911. En ella se registra la comunicaci\u00f3n de un vecino que alertaba sobre la presencia de un hombre exaltado que intentaba ingresar a viviendas y corr\u00eda en direcci\u00f3n a Viedma.<\/p>\n\n\n\n<p>En el expediente tambi\u00e9n constan los resultados de la autopsia. Un primer informe preliminar, realizado en presencia del abogado querellante de la familia, determin\u00f3 que la causa de la muerte fue un edema agudo de pulm\u00f3n y requiri\u00f3 la realizaci\u00f3n de estudios complementarios.<\/p>\n\n\n\n<p>El informe final de autopsia respondi\u00f3 diversos puntos periciales, entre ellos los planteados por el segundo abogado querellante. En sus conclusiones sostiene que los estudios necr\u00f3sicos y complementarios permiten establecer como causa de la muerte un edema pulmonar, consecuencia de un fallo cardiorrespiratorio agudo, en presencia de un cuadro de delirio con agitaci\u00f3n psicomotriz en el contexto de consumo simult\u00e1neo de drogas y alcohol.<\/p>\n\n\n\n<p>Asimismo, se\u00f1ala que el cuerpo de la v\u00edctima presentaba m\u00faltiples lesiones externas superficiales, explicando de qu\u00e9 manera pudo haberse producido cada una de ellas. Indica que ninguna tuvo por s\u00ed sola entidad suficiente para provocar la muerte y que todas se corresponder\u00edan con maniobras de contenci\u00f3n y movilidad de la v\u00edctima en una situaci\u00f3n de restricci\u00f3n f\u00edsica y forcejeo.<\/p>\n\n\n\n<p>En cuanto al examen interno, destaca que no se evidenciaron fracturas craneales, ni fracturas en los arcos costales ni derrames cavitarios. Al responder los puntos periciales tambi\u00e9n se incorporaron datos como la ausencia de lesiones profundas tras realizar la disecci\u00f3n de los tejidos.<\/p>\n\n\n\n<p>Un tercer informe ampliatorio respondi\u00f3 a 20 puntos de pericia requeridos por la querella. Entre ellos, se aclararon los l\u00edmites del an\u00e1lisis pericial y se explic\u00f3 que, para fundamentar el estado de exaltaci\u00f3n previo a la detenci\u00f3n, la perito se bas\u00f3 en diversos testimonios del expediente que describen a la v\u00edctima desorientada, agitada y con conductas incoherentes. Asimismo, explic\u00f3 que el edema pulmonar puede desarrollarse en minutos u horas y que incluso es posible que el proceso se hubiera iniciado antes de que la v\u00edctima llegara a la comisar\u00eda.<\/p>\n\n\n\n<p>Respecto de las lesiones observadas en el rostro y el cuero cabelludo, si bien confirm\u00f3 que son compatibles con golpes o fricci\u00f3n y que no ten\u00edan entidad suficiente para provocar por s\u00ed mismas la muerte, reconoci\u00f3 que podr\u00edan haber sido causadas por un golpe contra un objeto duro o incluso por un tercero.<\/p>\n\n\n\n<p>Finalmente, la perito indic\u00f3 que no existen evidencias cient\u00edficas que permitan afirmar que la posici\u00f3n boca abajo, incluso con presi\u00f3n sobre la espalda, provoque por s\u00ed sola un edema pulmonar o una arritmia fatal, aunque admiti\u00f3 que esa posici\u00f3n puede interferir con la mec\u00e1nica respiratoria.<\/p>\n\n\n\n<p><strong>Algunos datos finales<\/strong><\/p>\n\n\n\n<p>Seg\u00fan el an\u00e1lisis de los testimonios, el motivo de la intervenci\u00f3n policial se debi\u00f3 a un llamado al 911 que alertaba sobre una persona intentando ingresar a viviendas en la zona de la ruta. Esta situaci\u00f3n fue sostenida por diversos testigos que describieron a un joven con caracter\u00edsticas coincidentes con Dina, lo que motiv\u00f3 su persecuci\u00f3n y posterior detenci\u00f3n.<\/p>\n\n\n\n<p>Los testimonios tambi\u00e9n se\u00f1alaron que Dina se resisti\u00f3 activamente, se encontraba exaltado y que fue necesario que varios polic\u00edas lo redujeran. No se registraron testimonios que confirmen golpes por parte del personal policial, sino forcejeos durante la reducci\u00f3n. Esto se corrobor\u00f3 con los resultados de la autopsia, que determinaron la presencia de m\u00faltiples lesiones superficiales sin entidad suficiente para causar la muerte y compatibles con maniobras de contenci\u00f3n, forcejeo o reanimaci\u00f3n cardiopulmonar (RCP).<\/p>\n\n\n\n<p>La pericia m\u00e9dica concluy\u00f3 que las lesiones observadas no pod\u00edan provocar una arritmia fatal ni un edema pulmonar y que la posici\u00f3n boca abajo o la presi\u00f3n sobre la espalda durante la detenci\u00f3n no generan por s\u00ed solas un edema pulmonar ni una arritmia fatal.<\/p>\n\n\n\n<p>Seg\u00fan testimonios y registros del 911, el personal policial solicit\u00f3 una ambulancia e inici\u00f3 maniobras de RCP al advertir el estado de Dina.<\/p>\n\n\n\n<p>Ante la imposibilidad de probar una relaci\u00f3n causal entre el accionar policial y la muerte, el fiscal comunic\u00f3 a la familia la desestimaci\u00f3n del legajo, instancia que podr\u00e1 ser revisada por el fiscal jefe. Asimismo, remitir\u00e1 copia del mismo a la Jefatura de Polic\u00eda de R\u00edo Negro para que eval\u00fae eventuales responsabilidades administrativas.<\/p>\n\n\n\n<figure class=\"wp-block-image size-full\"><img decoding=\"async\" width=\"640\" height=\"312\" src=\"https:\/\/www.elpolitologoyelpolitico.com.ar\/wp-content\/uploads\/2026\/03\/IVI-FRANCO-4-3.png\" alt=\"\" class=\"wp-image-44285\" srcset=\"https:\/\/www.elpolitologoyelpolitico.com.ar\/wp-content\/uploads\/2026\/03\/IVI-FRANCO-4-3.png 640w, https:\/\/www.elpolitologoyelpolitico.com.ar\/wp-content\/uploads\/2026\/03\/IVI-FRANCO-4-3-300x146.png 300w\" sizes=\"(max-width: 640px) 100vw, 640px\" \/><\/figure>\n<div class=\"fb-background-color\">\n\t\t\t  <div \n\t\t\t  \tclass = \"fb-comments\" \n\t\t\t  \tdata-href = \"https:\/\/www.elpolitologoyelpolitico.com.ar\/wordpress\/2026\/03\/13\/muerte-de-ramiro-dina-la-fiscalia-archivo-la-investigacion-y-fundamento-que-no-hubo-una-relacion-casual-entre-la-policia-y-el-joven\/\"\n\t\t\t  \tdata-numposts = \"10\"\n\t\t\t  \tdata-lazy = \"true\"\n\t\t\t\tdata-colorscheme = \"light\"\n\t\t\t\tdata-order-by = \"social\"\n\t\t\t\tdata-mobile=true>\n\t\t\t  <\/div><\/div>\n\t\t  <style>\n\t\t    .fb-background-color {\n\t\t\t\tbackground: #ffffff !important;\n\t\t\t}\n\t\t\t.fb_iframe_widget_fluid_desktop iframe {\n\t\t\t    width: 100% !important;\n\t\t\t}\n\t\t  <\/style>\n\t\t  ","protected":false},"excerpt":{"rendered":"<p>En la jornada de ayer, el fiscal que investig\u00f3 las circunstancias en las que se produjo la muerte del joven Ramiro Dina se reuni\u00f3 con su familia constituida como querella en el legajo, para darles a conocer la totalidad de las medidas realizadas en el marco del mismo. Dina falleci\u00f3 el 9 de febrero de [&hellip;]<\/p>\n","protected":false},"author":4,"featured_media":44282,"comment_status":"closed","ping_status":"closed","sticky":false,"template":"","format":"standard","meta":{"_joinchat":[],"footnotes":""},"categories":[39],"tags":[],"class_list":["post-44281","post","type-post","status-publish","format-standard","has-post-thumbnail","hentry","category-en-esta-seccion"],"_links":{"self":[{"href":"https:\/\/www.elpolitologoyelpolitico.com.ar\/wordpress\/wp-json\/wp\/v2\/posts\/44281","targetHints":{"allow":["GET"]}}],"collection":[{"href":"https:\/\/www.elpolitologoyelpolitico.com.ar\/wordpress\/wp-json\/wp\/v2\/posts"}],"about":[{"href":"https:\/\/www.elpolitologoyelpolitico.com.ar\/wordpress\/wp-json\/wp\/v2\/types\/post"}],"author":[{"embeddable":true,"href":"https:\/\/www.elpolitologoyelpolitico.com.ar\/wordpress\/wp-json\/wp\/v2\/users\/4"}],"replies":[{"embeddable":true,"href":"https:\/\/www.elpolitologoyelpolitico.com.ar\/wordpress\/wp-json\/wp\/v2\/comments?post=44281"}],"version-history":[{"count":2,"href":"https:\/\/www.elpolitologoyelpolitico.com.ar\/wordpress\/wp-json\/wp\/v2\/posts\/44281\/revisions"}],"predecessor-version":[{"id":44286,"href":"https:\/\/www.elpolitologoyelpolitico.com.ar\/wordpress\/wp-json\/wp\/v2\/posts\/44281\/revisions\/44286"}],"wp:featuredmedia":[{"embeddable":true,"href":"https:\/\/www.elpolitologoyelpolitico.com.ar\/wordpress\/wp-json\/wp\/v2\/media\/44282"}],"wp:attachment":[{"href":"https:\/\/www.elpolitologoyelpolitico.com.ar\/wordpress\/wp-json\/wp\/v2\/media?parent=44281"}],"wp:term":[{"taxonomy":"category","embeddable":true,"href":"https:\/\/www.elpolitologoyelpolitico.com.ar\/wordpress\/wp-json\/wp\/v2\/categories?post=44281"},{"taxonomy":"post_tag","embeddable":true,"href":"https:\/\/www.elpolitologoyelpolitico.com.ar\/wordpress\/wp-json\/wp\/v2\/tags?post=44281"}],"curies":[{"name":"wp","href":"https:\/\/api.w.org\/{rel}","templated":true}]}}