{"id":44273,"date":"2026-03-13T15:01:03","date_gmt":"2026-03-13T18:01:03","guid":{"rendered":"https:\/\/www.elpolitologoyelpolitico.com.ar\/wordpress\/?p=44273"},"modified":"2026-03-13T15:01:24","modified_gmt":"2026-03-13T18:01:24","slug":"viedma-la-concejal-de-la-lla-ivi-franco-participo-de-la-reunion-con-el-diputado-nacional-anibal-tortoriello","status":"publish","type":"post","link":"https:\/\/www.elpolitologoyelpolitico.com.ar\/wordpress\/2026\/03\/13\/viedma-la-concejal-de-la-lla-ivi-franco-participo-de-la-reunion-con-el-diputado-nacional-anibal-tortoriello\/","title":{"rendered":"VIEDMA: La Concejal de la LLA, Ivi Franco, particip\u00f3 de la reuni\u00f3n con el Diputado Nacional Anibal Tortoriello"},"content":{"rendered":"\n<p>El encuentro reuni\u00f3 a militantes y vecinos de Viedma que fueron a escuchar el trabajo que viene realizando An\u00edbal Tortoriello. En la reuni\u00f3n, se habl\u00f3 sobre las distintas actividades planificadas para todo el territorio provincial durante este a\u00f1o 2026.<\/p>\n\n\n\n<p>Tortoriello hizo hincapi\u00e9 en que su esquema de trabajo actual consiste en dialogar con los \u00abverdaderos autores que sustentan la actividad econ\u00f3mica\u00bb para dar forma a un futuro programa de gobierno. <strong>\u00abLa tarea es tit\u00e1nica y enorme\u00bb<\/strong>, admiti\u00f3 el diputado, subrayando que la preparaci\u00f3n con un a\u00f1o y medio de antelaci\u00f3n es vital para garantizar una gesti\u00f3n eficiente si la ciudadan\u00eda los elige para gobernar la provincia.<\/p>\n\n\n\n<figure class=\"wp-block-image size-full\"><img fetchpriority=\"high\" decoding=\"async\" width=\"640\" height=\"312\" src=\"https:\/\/www.elpolitologoyelpolitico.com.ar\/wp-content\/uploads\/2026\/03\/IVI-FRANCO-6-2.png\" alt=\"\" class=\"wp-image-44276\" srcset=\"https:\/\/www.elpolitologoyelpolitico.com.ar\/wp-content\/uploads\/2026\/03\/IVI-FRANCO-6-2.png 640w, https:\/\/www.elpolitologoyelpolitico.com.ar\/wp-content\/uploads\/2026\/03\/IVI-FRANCO-6-2-300x146.png 300w\" sizes=\"(max-width: 640px) 100vw, 640px\" \/><\/figure>\n\n\n\n<p>M\u00e1s all\u00e1 de las siglas partidarias, el referente de La Libertad Avanza destac\u00f3 la integraci\u00f3n de diversos sectores en una \u00abidentidad com\u00fan\u00bb basada en la honestidad y el entusiasmo. Defini\u00f3 a quienes lo acompa\u00f1an como \u00abgente de bien\u00bb y ciudadanos comunes que deciden dedicar tiempo extra para producir un cambio profundo.<\/p>\n\n\n\n<p><strong>\u00abLa pol\u00edtica es sin\u00f3nimo de servicio\u00bb<\/strong>, afirm\u00f3, alej\u00e1ndose de las visiones personalistas y centrando el foco en la necesidad de transformar la realidad de los ciudadanos y de la provincia en su conjunto. En un momento determinado, diputado cit\u00f3 el Evangelio para reforzar su visi\u00f3n de una sociedad constructiva. Record\u00f3 la ense\u00f1anza de \u00abponer la otra mejilla\u00bb y la m\u00e1xima de Jes\u00fas, \u00abamad al herido\u00bb, para invitar a los presentes a bajar los niveles de angustia y enfrentamiento cotidiano.<\/p>\n\n\n\n<p>La concejal libertaria Ivi Franco demostr\u00f3 su apoyo a An\u00edbal Tortoriello y con respecto al discurso expres\u00f3 <strong>\u00abFue un discurso coherente, firme y unificador\u00bb.<\/strong><\/p>\n\n\n\n<p>Agreg\u00f3: <strong>\u00abFue uno de los mejores discursos de un referente libertario en la Provincia de R\u00edo Negro\u00bb<\/strong><\/p>\n<div class=\"fb-background-color\">\n\t\t\t  <div \n\t\t\t  \tclass = \"fb-comments\" \n\t\t\t  \tdata-href = \"https:\/\/www.elpolitologoyelpolitico.com.ar\/wordpress\/2026\/03\/13\/viedma-la-concejal-de-la-lla-ivi-franco-participo-de-la-reunion-con-el-diputado-nacional-anibal-tortoriello\/\"\n\t\t\t  \tdata-numposts = \"10\"\n\t\t\t  \tdata-lazy = \"true\"\n\t\t\t\tdata-colorscheme = \"light\"\n\t\t\t\tdata-order-by = \"social\"\n\t\t\t\tdata-mobile=true>\n\t\t\t  <\/div><\/div>\n\t\t  <style>\n\t\t    .fb-background-color {\n\t\t\t\tbackground: #ffffff !important;\n\t\t\t}\n\t\t\t.fb_iframe_widget_fluid_desktop iframe {\n\t\t\t    width: 100% !important;\n\t\t\t}\n\t\t  <\/style>\n\t\t  ","protected":false},"excerpt":{"rendered":"<p>El encuentro reuni\u00f3 a militantes y vecinos de Viedma que fueron a escuchar el trabajo que viene realizando An\u00edbal Tortoriello. En la reuni\u00f3n, se habl\u00f3 sobre las distintas actividades planificadas para todo el territorio provincial durante este a\u00f1o 2026. Tortoriello hizo hincapi\u00e9 en que su esquema de trabajo actual consiste en dialogar con los \u00abverdaderos [&hellip;]<\/p>\n","protected":false},"author":4,"featured_media":44274,"comment_status":"closed","ping_status":"closed","sticky":false,"template":"","format":"standard","meta":{"_joinchat":[],"footnotes":""},"categories":[21],"tags":[],"class_list":["post-44273","post","type-post","status-publish","format-standard","has-post-thumbnail","hentry","category-actores-politicos"],"_links":{"self":[{"href":"https:\/\/www.elpolitologoyelpolitico.com.ar\/wordpress\/wp-json\/wp\/v2\/posts\/44273","targetHints":{"allow":["GET"]}}],"collection":[{"href":"https:\/\/www.elpolitologoyelpolitico.com.ar\/wordpress\/wp-json\/wp\/v2\/posts"}],"about":[{"href":"https:\/\/www.elpolitologoyelpolitico.com.ar\/wordpress\/wp-json\/wp\/v2\/types\/post"}],"author":[{"embeddable":true,"href":"https:\/\/www.elpolitologoyelpolitico.com.ar\/wordpress\/wp-json\/wp\/v2\/users\/4"}],"replies":[{"embeddable":true,"href":"https:\/\/www.elpolitologoyelpolitico.com.ar\/wordpress\/wp-json\/wp\/v2\/comments?post=44273"}],"version-history":[{"count":3,"href":"https:\/\/www.elpolitologoyelpolitico.com.ar\/wordpress\/wp-json\/wp\/v2\/posts\/44273\/revisions"}],"predecessor-version":[{"id":44280,"href":"https:\/\/www.elpolitologoyelpolitico.com.ar\/wordpress\/wp-json\/wp\/v2\/posts\/44273\/revisions\/44280"}],"wp:featuredmedia":[{"embeddable":true,"href":"https:\/\/www.elpolitologoyelpolitico.com.ar\/wordpress\/wp-json\/wp\/v2\/media\/44274"}],"wp:attachment":[{"href":"https:\/\/www.elpolitologoyelpolitico.com.ar\/wordpress\/wp-json\/wp\/v2\/media?parent=44273"}],"wp:term":[{"taxonomy":"category","embeddable":true,"href":"https:\/\/www.elpolitologoyelpolitico.com.ar\/wordpress\/wp-json\/wp\/v2\/categories?post=44273"},{"taxonomy":"post_tag","embeddable":true,"href":"https:\/\/www.elpolitologoyelpolitico.com.ar\/wordpress\/wp-json\/wp\/v2\/tags?post=44273"}],"curies":[{"name":"wp","href":"https:\/\/api.w.org\/{rel}","templated":true}]}}