{"id":44267,"date":"2026-03-13T12:17:35","date_gmt":"2026-03-13T15:17:35","guid":{"rendered":"https:\/\/www.elpolitologoyelpolitico.com.ar\/wordpress\/?p=44267"},"modified":"2026-03-13T12:17:36","modified_gmt":"2026-03-13T15:17:36","slug":"tension-en-el-concejo-de-patagones-colombi-denuncio-intentos-de-readecuar-la-institucion-a-conveniencias-personales","status":"publish","type":"post","link":"https:\/\/www.elpolitologoyelpolitico.com.ar\/wordpress\/2026\/03\/13\/tension-en-el-concejo-de-patagones-colombi-denuncio-intentos-de-readecuar-la-institucion-a-conveniencias-personales\/","title":{"rendered":"Tensi\u00f3n en el Concejo de Patagones: Colombi denunci\u00f3 intentos de \u00abreadecuar la instituci\u00f3n\u00bb a conveniencias personales"},"content":{"rendered":"\n<figure class=\"wp-block-audio\"><audio controls src=\"https:\/\/www.elpolitologoyelpolitico.com.ar\/wp-content\/uploads\/2026\/03\/2026-03-13-Romina-Colombi.mp3\"><\/audio><\/figure>\n\n\n\n<p>El Honorable Concejo Deliberante (HCD) de Patagones atraviesa semanas de alta conflictividad pol\u00edtica que han desplazado de la agenda los proyectos de infraestructura y servicios. En di\u00e1logo con nuestro programa, la concejal Romina Colombi (Juntos) brind\u00f3 detalles sobre la par\u00e1lisis legislativa y apunt\u00f3 contra el bloque de Uni\u00f3n por la Patria por intentar modificar el reglamento interno para beneficio propio.<\/p>\n\n\n\n<p>La pol\u00e9mica se desat\u00f3 cuando el oficialismo plante\u00f3 trasladar las sesiones, hist\u00f3ricamente realizadas por la ma\u00f1ana, al turno tarde. Seg\u00fan Colombi, los argumentos esgrimidos sobre una mayor participaci\u00f3n ciudadana son \u00abilusos\u00bb y esconden una situaci\u00f3n irregular: la presunta incompatibilidad horaria de la concejal oficialista Sgaravato, quien tambi\u00e9n se desempe\u00f1a en el \u00e1rea de educaci\u00f3n.<\/p>\n\n\n\n<p><strong>\u00abNo podemos readecuar una instituci\u00f3n como es el Concejo Deliberante a las necesidades de cada concejal. Ah\u00ed es donde nosotros nos plantamos\u00bb<\/strong>, sentenci\u00f3 Colombi.<\/p>\n\n\n\n<p>La edil record\u00f3 que existen antecedentes de funcionarios que, ante superposiciones horarias, decidieron dar un paso al costado. <strong>\u00abCasos hay muchos, es cuesti\u00f3n de analizarlos y, si uno tiene que dar un paso al costado, darlo. No pod\u00e9s obligar a cambiar todo algo que viene funcionando as\u00ed, sin ni siquiera consultar a la gente que trabaja en el Concejo\u00bb<\/strong>, agreg\u00f3.<\/p>\n\n\n\n<p>Uno de los puntos m\u00e1s \u00e1lgidos de la entrevista fue cuando Colombi se refiri\u00f3 a las declaraciones de Santiago Dalmau, presidente del bloque de Uni\u00f3n por la Patria. Seg\u00fan la concejal, Dalmau se habr\u00eda jactado en medios de comunicaci\u00f3n de tener \u00abdomada\u00bb a la oposici\u00f3n.<\/p>\n\n\n\n<p><strong>\u00abEs una cosa bastante pat\u00e9tica. Es lamentable que un presidente de bloque se dirija as\u00ed a pares concejales. Quieren implementarlo por la fuerza, alegando que ellos pueden hacer lo que quieren, y la verdad que esto no es as\u00ed\u00bb<\/strong>, manifest\u00f3 con indignaci\u00f3n.<\/p>\n\n\n\n<p>Mientras el cuerpo deliberativo se sumerge en discusiones reglamentarias, los expedientes que afectan directamente la calidad de vida de los habitantes de Patagones siguen sin tratarse. Colombi mencion\u00f3 la preocupaci\u00f3n por el estado de las calles tras las lluvias, las inundaciones en barrios como Villa del Carmen y, fundamentalmente, la incertidumbre en la localidad de Pradere respecto a la red de gas.<\/p>\n\n\n\n<p><strong>\u00abTenemos un pedido de informe que los vecinos de Pradere est\u00e1n esperando. El Intendente anunci\u00f3 una obra para 120 familias, pero son muchas m\u00e1s las que tienen la necesidad. Al hacer el anuncio, la empresa Camuzzi fren\u00f3 el di\u00e1logo directo con los vecinos para pasar al \u00e1mbito municipal, y ahora hay mucha preocupaci\u00f3n\u00bb<\/strong>, explic\u00f3 la concejal.<\/p>\n\n\n\n<p>Tras una jornada marat\u00f3nica el pasado mi\u00e9rcoles, que se extendi\u00f3 hasta la medianoche, el HCD retom\u00f3 sus actividades hoy a las 10:00 hs en un cuarto intermedio. A pesar del intento oficialista, la mayor\u00eda decidi\u00f3 mantener el horario matutino.<\/p>\n\n\n\n<p>Para Colombi, el balance es agridulce: <strong>\u00abEs feo que tengamos que estar discutiendo estas cuestiones que a los vecinos no les interesa; ellos est\u00e1n esperando otra cosa de nosotros\u00bb.<\/strong><\/p>\n<div class=\"fb-background-color\">\n\t\t\t  <div \n\t\t\t  \tclass = \"fb-comments\" \n\t\t\t  \tdata-href = \"https:\/\/www.elpolitologoyelpolitico.com.ar\/wordpress\/2026\/03\/13\/tension-en-el-concejo-de-patagones-colombi-denuncio-intentos-de-readecuar-la-institucion-a-conveniencias-personales\/\"\n\t\t\t  \tdata-numposts = \"10\"\n\t\t\t  \tdata-lazy = \"true\"\n\t\t\t\tdata-colorscheme = \"light\"\n\t\t\t\tdata-order-by = \"social\"\n\t\t\t\tdata-mobile=true>\n\t\t\t  <\/div><\/div>\n\t\t  <style>\n\t\t    .fb-background-color {\n\t\t\t\tbackground: #ffffff !important;\n\t\t\t}\n\t\t\t.fb_iframe_widget_fluid_desktop iframe {\n\t\t\t    width: 100% !important;\n\t\t\t}\n\t\t  <\/style>\n\t\t  ","protected":false},"excerpt":{"rendered":"<p>El Honorable Concejo Deliberante (HCD) de Patagones atraviesa semanas de alta conflictividad pol\u00edtica que han desplazado de la agenda los proyectos de infraestructura y servicios. En di\u00e1logo con nuestro programa, la concejal Romina Colombi (Juntos) brind\u00f3 detalles sobre la par\u00e1lisis legislativa y apunt\u00f3 contra el bloque de Uni\u00f3n por la Patria por intentar modificar el [&hellip;]<\/p>\n","protected":false},"author":4,"featured_media":44271,"comment_status":"closed","ping_status":"closed","sticky":false,"template":"","format":"standard","meta":{"_joinchat":[],"footnotes":""},"categories":[39],"tags":[],"class_list":["post-44267","post","type-post","status-publish","format-standard","has-post-thumbnail","hentry","category-en-esta-seccion"],"_links":{"self":[{"href":"https:\/\/www.elpolitologoyelpolitico.com.ar\/wordpress\/wp-json\/wp\/v2\/posts\/44267","targetHints":{"allow":["GET"]}}],"collection":[{"href":"https:\/\/www.elpolitologoyelpolitico.com.ar\/wordpress\/wp-json\/wp\/v2\/posts"}],"about":[{"href":"https:\/\/www.elpolitologoyelpolitico.com.ar\/wordpress\/wp-json\/wp\/v2\/types\/post"}],"author":[{"embeddable":true,"href":"https:\/\/www.elpolitologoyelpolitico.com.ar\/wordpress\/wp-json\/wp\/v2\/users\/4"}],"replies":[{"embeddable":true,"href":"https:\/\/www.elpolitologoyelpolitico.com.ar\/wordpress\/wp-json\/wp\/v2\/comments?post=44267"}],"version-history":[{"count":1,"href":"https:\/\/www.elpolitologoyelpolitico.com.ar\/wordpress\/wp-json\/wp\/v2\/posts\/44267\/revisions"}],"predecessor-version":[{"id":44272,"href":"https:\/\/www.elpolitologoyelpolitico.com.ar\/wordpress\/wp-json\/wp\/v2\/posts\/44267\/revisions\/44272"}],"wp:featuredmedia":[{"embeddable":true,"href":"https:\/\/www.elpolitologoyelpolitico.com.ar\/wordpress\/wp-json\/wp\/v2\/media\/44271"}],"wp:attachment":[{"href":"https:\/\/www.elpolitologoyelpolitico.com.ar\/wordpress\/wp-json\/wp\/v2\/media?parent=44267"}],"wp:term":[{"taxonomy":"category","embeddable":true,"href":"https:\/\/www.elpolitologoyelpolitico.com.ar\/wordpress\/wp-json\/wp\/v2\/categories?post=44267"},{"taxonomy":"post_tag","embeddable":true,"href":"https:\/\/www.elpolitologoyelpolitico.com.ar\/wordpress\/wp-json\/wp\/v2\/tags?post=44267"}],"curies":[{"name":"wp","href":"https:\/\/api.w.org\/{rel}","templated":true}]}}