{"id":44263,"date":"2026-03-13T10:13:28","date_gmt":"2026-03-13T13:13:28","guid":{"rendered":"https:\/\/www.elpolitologoyelpolitico.com.ar\/wordpress\/?p=44263"},"modified":"2026-03-13T10:13:29","modified_gmt":"2026-03-13T13:13:29","slug":"buscan-a-una-menor-desaparecida-y-piden-colaboracion-para-encontrarla","status":"publish","type":"post","link":"https:\/\/www.elpolitologoyelpolitico.com.ar\/wordpress\/2026\/03\/13\/buscan-a-una-menor-desaparecida-y-piden-colaboracion-para-encontrarla\/","title":{"rendered":"Buscan a una menor desaparecida y piden colaboraci\u00f3n para encontrarla"},"content":{"rendered":"\n<p>La Polic\u00eda de R\u00edo Negro ha emitido un comunicado oficial solicitando la colaboraci\u00f3n inmediata de la comunidad para dar con el paradero de Milagros Morena Candia, una adolescente de 15 a\u00f1os que desapareci\u00f3 en las \u00faltimas horas en la ciudad de General Roca.<\/p>\n\n\n\n<p>Seg\u00fan la informaci\u00f3n suministrada por las autoridades, Milagros fue vista por \u00faltima vez durante la tarde del jueves 12 de marzo de 2026. Desde ese momento, se perdi\u00f3 contacto con ella, lo que dio inicio a un operativo de b\u00fasqueda que involucra a distintas dependencias policiales.<\/p>\n\n\n\n<h3 class=\"wp-block-heading\"><strong>\u00bfC\u00f3mo ayudar?<\/strong><\/h3>\n\n\n\n<p>Ante la sensibilidad del caso, las autoridades policiales y judiciales han puesto a disposici\u00f3n diversos canales para recibir cualquier dato que permita localizarla. Si usted la vio, tiene informaci\u00f3n sobre sus movimientos recientes o puede aportar alg\u00fan detalle relevante, se solicita:<\/p>\n\n\n\n<ul class=\"wp-block-list\">\n<li>Llamar de inmediato al 911 (Servicio de Emergencias).<\/li>\n\n\n\n<li>Comunicarse directamente con la Comisar\u00eda 21\u00b0 de General Roca.<\/li>\n\n\n\n<li>Acercarse a la unidad policial m\u00e1s cercana a su domicilio.<\/li>\n<\/ul>\n\n\n\n<p>La difusi\u00f3n de su imagen y datos personales es fundamental en estas primeras horas para ampliar el radio de b\u00fasqueda. Se ruega a los vecinos de la zona y localidades aleda\u00f1as prestar especial atenci\u00f3n a la v\u00eda p\u00fablica y compartir la informaci\u00f3n en redes sociales.<\/p>\n\n\n\n<figure class=\"wp-block-image size-large is-resized\"><img fetchpriority=\"high\" decoding=\"async\" width=\"737\" height=\"1024\" src=\"https:\/\/www.elpolitologoyelpolitico.com.ar\/wp-content\/uploads\/2026\/03\/WhatsApp-Image-2026-03-13-at-9.52.59-AM-737x1024.jpeg\" alt=\"\" class=\"wp-image-44265\" style=\"width:350px;height:auto\" srcset=\"https:\/\/www.elpolitologoyelpolitico.com.ar\/wp-content\/uploads\/2026\/03\/WhatsApp-Image-2026-03-13-at-9.52.59-AM-737x1024.jpeg 737w, https:\/\/www.elpolitologoyelpolitico.com.ar\/wp-content\/uploads\/2026\/03\/WhatsApp-Image-2026-03-13-at-9.52.59-AM-216x300.jpeg 216w, https:\/\/www.elpolitologoyelpolitico.com.ar\/wp-content\/uploads\/2026\/03\/WhatsApp-Image-2026-03-13-at-9.52.59-AM-768x1067.jpeg 768w, https:\/\/www.elpolitologoyelpolitico.com.ar\/wp-content\/uploads\/2026\/03\/WhatsApp-Image-2026-03-13-at-9.52.59-AM.jpeg 1080w\" sizes=\"(max-width: 737px) 100vw, 737px\" \/><\/figure>\n<div class=\"fb-background-color\">\n\t\t\t  <div \n\t\t\t  \tclass = \"fb-comments\" \n\t\t\t  \tdata-href = \"https:\/\/www.elpolitologoyelpolitico.com.ar\/wordpress\/2026\/03\/13\/buscan-a-una-menor-desaparecida-y-piden-colaboracion-para-encontrarla\/\"\n\t\t\t  \tdata-numposts = \"10\"\n\t\t\t  \tdata-lazy = \"true\"\n\t\t\t\tdata-colorscheme = \"light\"\n\t\t\t\tdata-order-by = \"social\"\n\t\t\t\tdata-mobile=true>\n\t\t\t  <\/div><\/div>\n\t\t  <style>\n\t\t    .fb-background-color {\n\t\t\t\tbackground: #ffffff !important;\n\t\t\t}\n\t\t\t.fb_iframe_widget_fluid_desktop iframe {\n\t\t\t    width: 100% !important;\n\t\t\t}\n\t\t  <\/style>\n\t\t  ","protected":false},"excerpt":{"rendered":"<p>La Polic\u00eda de R\u00edo Negro ha emitido un comunicado oficial solicitando la colaboraci\u00f3n inmediata de la comunidad para dar con el paradero de Milagros Morena Candia, una adolescente de 15 a\u00f1os que desapareci\u00f3 en las \u00faltimas horas en la ciudad de General Roca. Seg\u00fan la informaci\u00f3n suministrada por las autoridades, Milagros fue vista por \u00faltima [&hellip;]<\/p>\n","protected":false},"author":4,"featured_media":44264,"comment_status":"closed","ping_status":"closed","sticky":false,"template":"","format":"standard","meta":{"_joinchat":[],"footnotes":""},"categories":[39],"tags":[],"class_list":["post-44263","post","type-post","status-publish","format-standard","has-post-thumbnail","hentry","category-en-esta-seccion"],"_links":{"self":[{"href":"https:\/\/www.elpolitologoyelpolitico.com.ar\/wordpress\/wp-json\/wp\/v2\/posts\/44263","targetHints":{"allow":["GET"]}}],"collection":[{"href":"https:\/\/www.elpolitologoyelpolitico.com.ar\/wordpress\/wp-json\/wp\/v2\/posts"}],"about":[{"href":"https:\/\/www.elpolitologoyelpolitico.com.ar\/wordpress\/wp-json\/wp\/v2\/types\/post"}],"author":[{"embeddable":true,"href":"https:\/\/www.elpolitologoyelpolitico.com.ar\/wordpress\/wp-json\/wp\/v2\/users\/4"}],"replies":[{"embeddable":true,"href":"https:\/\/www.elpolitologoyelpolitico.com.ar\/wordpress\/wp-json\/wp\/v2\/comments?post=44263"}],"version-history":[{"count":1,"href":"https:\/\/www.elpolitologoyelpolitico.com.ar\/wordpress\/wp-json\/wp\/v2\/posts\/44263\/revisions"}],"predecessor-version":[{"id":44266,"href":"https:\/\/www.elpolitologoyelpolitico.com.ar\/wordpress\/wp-json\/wp\/v2\/posts\/44263\/revisions\/44266"}],"wp:featuredmedia":[{"embeddable":true,"href":"https:\/\/www.elpolitologoyelpolitico.com.ar\/wordpress\/wp-json\/wp\/v2\/media\/44264"}],"wp:attachment":[{"href":"https:\/\/www.elpolitologoyelpolitico.com.ar\/wordpress\/wp-json\/wp\/v2\/media?parent=44263"}],"wp:term":[{"taxonomy":"category","embeddable":true,"href":"https:\/\/www.elpolitologoyelpolitico.com.ar\/wordpress\/wp-json\/wp\/v2\/categories?post=44263"},{"taxonomy":"post_tag","embeddable":true,"href":"https:\/\/www.elpolitologoyelpolitico.com.ar\/wordpress\/wp-json\/wp\/v2\/tags?post=44263"}],"curies":[{"name":"wp","href":"https:\/\/api.w.org\/{rel}","templated":true}]}}