{"id":44261,"date":"2026-03-13T10:45:36","date_gmt":"2026-03-13T13:45:36","guid":{"rendered":"https:\/\/www.elpolitologoyelpolitico.com.ar\/wordpress\/?p=44261"},"modified":"2026-03-13T10:45:37","modified_gmt":"2026-03-13T13:45:37","slug":"emergencia-en-el-barrio-nueva-vida-vecinos-denuncian-abandono-estatal-y-duermen-bajo-el-agua","status":"publish","type":"post","link":"https:\/\/www.elpolitologoyelpolitico.com.ar\/wordpress\/2026\/03\/13\/emergencia-en-el-barrio-nueva-vida-vecinos-denuncian-abandono-estatal-y-duermen-bajo-el-agua\/","title":{"rendered":"Emergencia en el barrio Nueva Vida: vecinos denuncian abandono estatal y duermen bajo el agua"},"content":{"rendered":"\n<figure class=\"wp-block-audio\"><audio controls src=\"https:\/\/www.elpolitologoyelpolitico.com.ar\/wp-content\/uploads\/2026\/03\/2026-03-13-Marcela-Munoz.mp3\"><\/audio><\/figure>\n\n\n\n<p>La situaci\u00f3n en el barrio Nueva Vida de Viedma ha cruzado el l\u00edmite de lo tolerable. Lo que comenz\u00f3 como una preocupaci\u00f3n por la falta de limpieza de un canal pluvial, hoy se ha transformado en una crisis humanitaria para decenas de familias que ven c\u00f3mo el agua y el barro se apoderan de sus casas.<\/p>\n\n\n\n<p>Marcela Mu\u00f1oz, referente del barrio, brind\u00f3 un crudo testimonio sobre la realidad que atraviesan los vecinos, donde adultos mayores y ni\u00f1os son los m\u00e1s perjudicados. La ra\u00edz del problema es el canal colindante, que funciona como desagote para varios sectores de la ciudad pero que, debido a la acumulaci\u00f3n de basura y maleza, ha dejado de cumplir su funci\u00f3n.<\/p>\n\n\n\n<p><strong>\u00abVarios vecinos est\u00e1n bajo agua, no solamente en los terrenos sino dentro de la casa de ellos. Est\u00e1n durmiendo estas noches de lluvia con agua&#8230; todo por un canal que est\u00e1 al nivel del barrio y, al estar tan sucio, se desborda\u00bb<\/strong>, relat\u00f3 Mu\u00f1oz con indignaci\u00f3n.<\/p>\n\n\n\n<p>Seg\u00fan denuncian los habitantes del sector, el mantenimiento brilla por su ausencia desde hace meses. La \u00faltima limpieza profunda se habr\u00eda realizado entre marzo y abril del a\u00f1o pasado. Desde entonces, el abandono permiti\u00f3 que el cauce se obstruyera por completo. <strong>\u00abHasta \u00e1rboles est\u00e1n creciendo adentro del canal y eso hace que el agua no corra\u00bb<\/strong>, explic\u00f3 la vecina.<\/p>\n\n\n\n<p>Tras una reuni\u00f3n el pasado martes con Mart\u00edn Calder\u00f3n, responsable de Obras P\u00fablicas, una cuadrilla municipal se acerc\u00f3 al lugar el mi\u00e9rcoles, pero la intervenci\u00f3n fue calificada como insuficiente por la comunidad: de los 300 metros que tiene el canal, solo se limpiaron 100 antes de que las lluvias del jueves detuvieran los trabajos.<\/p>\n\n\n\n<p>Ante la falta de respuestas efectivas, los propios vecinos tomaron palas y herramientas para intentar mitigar el avance del agua. La ausencia de Defensa Civil tambi\u00e9n fue un punto de cr\u00edtica. A pesar de los llamados, los vecinos aseguran que nadie se acerc\u00f3 a asistir a las familias damnificadas, quienes adem\u00e1s se resisten a ser evacuadas por temor a perder sus pertenencias.<\/p>\n\n\n\n<p>La paciencia en Nueva Vida parece haberse agotado. Mu\u00f1oz fue clara al se\u00f1alar que, de no mediar una soluci\u00f3n que incluya el dragado y levantamiento de los bordes del canal, la protesta se trasladar\u00e1 a las oficinas p\u00fablicas.<\/p>\n\n\n\n<p><strong>\u00abLa \u00fanica medida que nos queda es ir a reclamar todos juntos a Obras P\u00fablicas\u00bb<\/strong>, sentenci\u00f3, y agreg\u00f3 que no descartan buscar una audiencia directa con el intendente Marcos Castro. Incluso, ante la desconfianza en la gesti\u00f3n municipal, los vecinos propusieron hacerse cargo del mantenimiento futuro con productos herbicidas, aunque esto fue inicialmente rechazado por el Ejecutivo por razones de seguridad ambiental.<\/p>\n\n\n\n<p>El barrio Nueva Vida permanece en alerta, esperando que el estado finalmente llegue antes de que el agua vuelva a subir.<\/p>\n<div class=\"fb-background-color\">\n\t\t\t  <div \n\t\t\t  \tclass = \"fb-comments\" \n\t\t\t  \tdata-href = \"https:\/\/www.elpolitologoyelpolitico.com.ar\/wordpress\/2026\/03\/13\/emergencia-en-el-barrio-nueva-vida-vecinos-denuncian-abandono-estatal-y-duermen-bajo-el-agua\/\"\n\t\t\t  \tdata-numposts = \"10\"\n\t\t\t  \tdata-lazy = \"true\"\n\t\t\t\tdata-colorscheme = \"light\"\n\t\t\t\tdata-order-by = \"social\"\n\t\t\t\tdata-mobile=true>\n\t\t\t  <\/div><\/div>\n\t\t  <style>\n\t\t    .fb-background-color {\n\t\t\t\tbackground: #ffffff !important;\n\t\t\t}\n\t\t\t.fb_iframe_widget_fluid_desktop iframe {\n\t\t\t    width: 100% !important;\n\t\t\t}\n\t\t  <\/style>\n\t\t  ","protected":false},"excerpt":{"rendered":"<p>La situaci\u00f3n en el barrio Nueva Vida de Viedma ha cruzado el l\u00edmite de lo tolerable. Lo que comenz\u00f3 como una preocupaci\u00f3n por la falta de limpieza de un canal pluvial, hoy se ha transformado en una crisis humanitaria para decenas de familias que ven c\u00f3mo el agua y el barro se apoderan de sus [&hellip;]<\/p>\n","protected":false},"author":4,"featured_media":44269,"comment_status":"closed","ping_status":"closed","sticky":false,"template":"","format":"standard","meta":{"_joinchat":[],"footnotes":""},"categories":[39],"tags":[],"class_list":["post-44261","post","type-post","status-publish","format-standard","has-post-thumbnail","hentry","category-en-esta-seccion"],"_links":{"self":[{"href":"https:\/\/www.elpolitologoyelpolitico.com.ar\/wordpress\/wp-json\/wp\/v2\/posts\/44261","targetHints":{"allow":["GET"]}}],"collection":[{"href":"https:\/\/www.elpolitologoyelpolitico.com.ar\/wordpress\/wp-json\/wp\/v2\/posts"}],"about":[{"href":"https:\/\/www.elpolitologoyelpolitico.com.ar\/wordpress\/wp-json\/wp\/v2\/types\/post"}],"author":[{"embeddable":true,"href":"https:\/\/www.elpolitologoyelpolitico.com.ar\/wordpress\/wp-json\/wp\/v2\/users\/4"}],"replies":[{"embeddable":true,"href":"https:\/\/www.elpolitologoyelpolitico.com.ar\/wordpress\/wp-json\/wp\/v2\/comments?post=44261"}],"version-history":[{"count":1,"href":"https:\/\/www.elpolitologoyelpolitico.com.ar\/wordpress\/wp-json\/wp\/v2\/posts\/44261\/revisions"}],"predecessor-version":[{"id":44270,"href":"https:\/\/www.elpolitologoyelpolitico.com.ar\/wordpress\/wp-json\/wp\/v2\/posts\/44261\/revisions\/44270"}],"wp:featuredmedia":[{"embeddable":true,"href":"https:\/\/www.elpolitologoyelpolitico.com.ar\/wordpress\/wp-json\/wp\/v2\/media\/44269"}],"wp:attachment":[{"href":"https:\/\/www.elpolitologoyelpolitico.com.ar\/wordpress\/wp-json\/wp\/v2\/media?parent=44261"}],"wp:term":[{"taxonomy":"category","embeddable":true,"href":"https:\/\/www.elpolitologoyelpolitico.com.ar\/wordpress\/wp-json\/wp\/v2\/categories?post=44261"},{"taxonomy":"post_tag","embeddable":true,"href":"https:\/\/www.elpolitologoyelpolitico.com.ar\/wordpress\/wp-json\/wp\/v2\/tags?post=44261"}],"curies":[{"name":"wp","href":"https:\/\/api.w.org\/{rel}","templated":true}]}}