{"id":44257,"date":"2026-03-12T11:11:49","date_gmt":"2026-03-12T14:11:49","guid":{"rendered":"https:\/\/www.elpolitologoyelpolitico.com.ar\/wordpress\/?p=44257"},"modified":"2026-03-12T11:11:50","modified_gmt":"2026-03-12T14:11:50","slug":"violencia-sin-frenos-un-militante-kirchnerista-agredio-al-diputado-nacional-federico-pelli-durante-una-recorrida-por-las-inundaciones","status":"publish","type":"post","link":"https:\/\/www.elpolitologoyelpolitico.com.ar\/wordpress\/2026\/03\/12\/violencia-sin-frenos-un-militante-kirchnerista-agredio-al-diputado-nacional-federico-pelli-durante-una-recorrida-por-las-inundaciones\/","title":{"rendered":"Violencia sin frenos: un militante kirchnerista agredi\u00f3 al diputado nacional Federico Pelli durante una recorrida por las inundaciones"},"content":{"rendered":"\n<p>Lo que deb\u00eda ser una jornada de asistencia humanitaria termin\u00f3 en un grave episodio de violencia institucional. El diputado nacional Federico Pelli (La Libertad Avanza) fue atacado f\u00edsicamente ayer, mi\u00e9rcoles 11 de marzo, mientras supervisaba las zonas afectadas por el temporal en el sur de la provincia de Tucum\u00e1n.<\/p>\n\n\n\n<p>El incidente ocurri\u00f3 en horas de la tarde, cuando Pelli, acompa\u00f1ado por la diputada Soledad Molinuevo y un equipo de colaboradores, se encontraba en La Madrid entregando donaciones a familias que perdieron sus pertenencias tras el desborde de los r\u00edos.<\/p>\n\n\n\n<p>Seg\u00fan testigos y videos captados por los presentes, un hombre identificado como Marcelo \u201cPich\u00f3n\u201d Segura (se\u00f1alado como empleado municipal y vinculado a sectores pol\u00edticos kirchneristas) increp\u00f3 al diputado con insultos antes de propinarle un violento cabezazo en el rostro.<\/p>\n\n\n\n<p>Tras el ataque, el legislador fue trasladado de urgencia al Hospital Regional de Concepci\u00f3n, donde los estudios confirmaron:<\/p>\n\n\n\n<ul class=\"wp-block-list\">\n<li>Fractura de tabique nasal.<\/li>\n\n\n\n<li>Traumatismo enc\u00e9falocraneano leve.<\/li>\n\n\n\n<li>M\u00faltiples escoriaciones en la zona del rostro.<\/li>\n<\/ul>\n\n\n\n<figure class=\"wp-block-image size-full\"><img fetchpriority=\"high\" decoding=\"async\" width=\"640\" height=\"312\" src=\"https:\/\/www.elpolitologoyelpolitico.com.ar\/wp-content\/uploads\/2026\/03\/IVI-FRANCO-1-4.png\" alt=\"\" class=\"wp-image-44259\" srcset=\"https:\/\/www.elpolitologoyelpolitico.com.ar\/wp-content\/uploads\/2026\/03\/IVI-FRANCO-1-4.png 640w, https:\/\/www.elpolitologoyelpolitico.com.ar\/wp-content\/uploads\/2026\/03\/IVI-FRANCO-1-4-300x146.png 300w\" sizes=\"(max-width: 640px) 100vw, 640px\" \/><\/figure>\n\n\n\n<p>Aunque Pelli se encuentra estable y fuera de peligro, permanece bajo observaci\u00f3n m\u00e9dica en San Miguel de Tucum\u00e1n. El ataque no tard\u00f3 en escalar a nivel nacional. El presidente Javier Milei utiliz\u00f3 sus redes sociales para solidarizarse con Pelli, calificando al agresor como un \u00abviolento que no acepta el cambio\u00bb. Por su parte, el gobernador tucumano, Osvaldo Jaldo, emiti\u00f3 un comunicado oficial:<\/p>\n\n\n\n<p><strong>\u00abLa violencia nunca es el camino. Repudiamos en\u00e9rgicamente lo sucedido en La Madrid y hemos puesto a disposici\u00f3n de la justicia todas las herramientas para que el responsable rinda cuentas.\u00bb<\/strong><\/p>\n\n\n\n<p>Hasta el momento, se ha iniciado una causa penal contra Segura por lesiones graves y atentado contra la autoridad.<\/p>\n<div class=\"fb-background-color\">\n\t\t\t  <div \n\t\t\t  \tclass = \"fb-comments\" \n\t\t\t  \tdata-href = \"https:\/\/www.elpolitologoyelpolitico.com.ar\/wordpress\/2026\/03\/12\/violencia-sin-frenos-un-militante-kirchnerista-agredio-al-diputado-nacional-federico-pelli-durante-una-recorrida-por-las-inundaciones\/\"\n\t\t\t  \tdata-numposts = \"10\"\n\t\t\t  \tdata-lazy = \"true\"\n\t\t\t\tdata-colorscheme = \"light\"\n\t\t\t\tdata-order-by = \"social\"\n\t\t\t\tdata-mobile=true>\n\t\t\t  <\/div><\/div>\n\t\t  <style>\n\t\t    .fb-background-color {\n\t\t\t\tbackground: #ffffff !important;\n\t\t\t}\n\t\t\t.fb_iframe_widget_fluid_desktop iframe {\n\t\t\t    width: 100% !important;\n\t\t\t}\n\t\t  <\/style>\n\t\t  ","protected":false},"excerpt":{"rendered":"<p>Lo que deb\u00eda ser una jornada de asistencia humanitaria termin\u00f3 en un grave episodio de violencia institucional. El diputado nacional Federico Pelli (La Libertad Avanza) fue atacado f\u00edsicamente ayer, mi\u00e9rcoles 11 de marzo, mientras supervisaba las zonas afectadas por el temporal en el sur de la provincia de Tucum\u00e1n. El incidente ocurri\u00f3 en horas de [&hellip;]<\/p>\n","protected":false},"author":4,"featured_media":44258,"comment_status":"closed","ping_status":"closed","sticky":false,"template":"","format":"standard","meta":{"_joinchat":[],"footnotes":""},"categories":[39],"tags":[],"class_list":["post-44257","post","type-post","status-publish","format-standard","has-post-thumbnail","hentry","category-en-esta-seccion"],"_links":{"self":[{"href":"https:\/\/www.elpolitologoyelpolitico.com.ar\/wordpress\/wp-json\/wp\/v2\/posts\/44257","targetHints":{"allow":["GET"]}}],"collection":[{"href":"https:\/\/www.elpolitologoyelpolitico.com.ar\/wordpress\/wp-json\/wp\/v2\/posts"}],"about":[{"href":"https:\/\/www.elpolitologoyelpolitico.com.ar\/wordpress\/wp-json\/wp\/v2\/types\/post"}],"author":[{"embeddable":true,"href":"https:\/\/www.elpolitologoyelpolitico.com.ar\/wordpress\/wp-json\/wp\/v2\/users\/4"}],"replies":[{"embeddable":true,"href":"https:\/\/www.elpolitologoyelpolitico.com.ar\/wordpress\/wp-json\/wp\/v2\/comments?post=44257"}],"version-history":[{"count":1,"href":"https:\/\/www.elpolitologoyelpolitico.com.ar\/wordpress\/wp-json\/wp\/v2\/posts\/44257\/revisions"}],"predecessor-version":[{"id":44260,"href":"https:\/\/www.elpolitologoyelpolitico.com.ar\/wordpress\/wp-json\/wp\/v2\/posts\/44257\/revisions\/44260"}],"wp:featuredmedia":[{"embeddable":true,"href":"https:\/\/www.elpolitologoyelpolitico.com.ar\/wordpress\/wp-json\/wp\/v2\/media\/44258"}],"wp:attachment":[{"href":"https:\/\/www.elpolitologoyelpolitico.com.ar\/wordpress\/wp-json\/wp\/v2\/media?parent=44257"}],"wp:term":[{"taxonomy":"category","embeddable":true,"href":"https:\/\/www.elpolitologoyelpolitico.com.ar\/wordpress\/wp-json\/wp\/v2\/categories?post=44257"},{"taxonomy":"post_tag","embeddable":true,"href":"https:\/\/www.elpolitologoyelpolitico.com.ar\/wordpress\/wp-json\/wp\/v2\/tags?post=44257"}],"curies":[{"name":"wp","href":"https:\/\/api.w.org\/{rel}","templated":true}]}}