{"id":44254,"date":"2026-03-11T23:46:05","date_gmt":"2026-03-12T02:46:05","guid":{"rendered":"https:\/\/www.elpolitologoyelpolitico.com.ar\/wordpress\/?p=44254"},"modified":"2026-03-11T23:46:06","modified_gmt":"2026-03-12T02:46:06","slug":"vecinos-de-villa-del-carmen-solicitan-urgente-que-arreglen-una-calle-cortada-todos-los-dias-salimos-a-las-7-de-la-manana-y-es-un-peligro","status":"publish","type":"post","link":"https:\/\/www.elpolitologoyelpolitico.com.ar\/wordpress\/2026\/03\/11\/vecinos-de-villa-del-carmen-solicitan-urgente-que-arreglen-una-calle-cortada-todos-los-dias-salimos-a-las-7-de-la-manana-y-es-un-peligro\/","title":{"rendered":"Vecinos de Villa del Carmen solicitan urgente que arreglen una calle cortada: \u00abTodos los d\u00edas salimos a las 7 de la ma\u00f1ana y es un peligro\u00bb"},"content":{"rendered":"\n<p>En el barrio Villa del Carmen, lo que deber\u00eda haber sido una obra de mejora se convirti\u00f3 en un muro de contenci\u00f3n para la vida cotidiana. Los vecinos denuncian que, desde hace una semana, la calle principal se encuentra bloqueada por mont\u00edculos de relleno que impiden el tr\u00e1nsito normal, obligando a las familias a realizar maniobras riesgosas para salir de sus hogares.<\/p>\n\n\n\n<p>La indignaci\u00f3n de la comunidad surge tras una obra inconclusa. Seg\u00fan relatan los afectados, las cuadrillas municipales trabajaron en un sector espec\u00edfico (el que \u00abarreglan siempre\u00bb) pero, al finalizar ese tramo, depositaron grandes cantidades de tierra que funcionan como una barrera en mitad de la calzada.<\/p>\n\n\n\n<p><strong>\u00abDejaron monta\u00f1as de relleno clausurando la calle, creo que con el fin de no venir a repararla m\u00e1s\u00bb<\/strong>, afirma una vecina del sector, quien grab\u00f3 el estado del camino para visibilizar el abandono.<\/p>\n\n\n\n<p>Para quienes viven en la zona, la situaci\u00f3n no es solo una molestia est\u00e9tica, sino un peligro real de seguridad vial. Cada ma\u00f1ana, la rutina escolar se convierte en un desaf\u00edo log\u00edstico:<\/p>\n\n\n\n<ul class=\"wp-block-list\">\n<li>Paso restringido: Solo queda un peque\u00f1o pasillo de tierra entre pozos y escombros.<\/li>\n\n\n\n<li>Riesgo en moto: Los padres deben maniobrar con sus hijos en moto por senderos estrechos donde la calle se est\u00e1 cayendo de a poco.<\/li>\n\n\n\n<li>Desmoronamiento: El terreno cedi\u00f3 al punto de que hay sectores donde pr\u00e1cticamente no qued\u00f3 calle transitable.<\/li>\n<\/ul>\n\n\n\n<p><strong>\u00abSalimos todos los d\u00edas a las 7 de la ma\u00f1ana porque mis hijos van a la escuela. El pap\u00e1 los lleva en moto y este es el \u00fanico pasillo que nos qued\u00f3 para poder salir. Es un peligro, hay pozos por todos lados y la calle se la comi\u00f3 el tiempo\u00bb<\/strong>, relata una vecina con angustia.<\/p>\n\n\n\n<p>Lamentablemente los habitantes de Villa del Carmen siguen sorteando pozos y mont\u00edculos, esperando que la calle deje de ser un obst\u00e1culo y vuelva a ser el camino que los conecte con su rutina.<\/p>\n<div class=\"fb-background-color\">\n\t\t\t  <div \n\t\t\t  \tclass = \"fb-comments\" \n\t\t\t  \tdata-href = \"https:\/\/www.elpolitologoyelpolitico.com.ar\/wordpress\/2026\/03\/11\/vecinos-de-villa-del-carmen-solicitan-urgente-que-arreglen-una-calle-cortada-todos-los-dias-salimos-a-las-7-de-la-manana-y-es-un-peligro\/\"\n\t\t\t  \tdata-numposts = \"10\"\n\t\t\t  \tdata-lazy = \"true\"\n\t\t\t\tdata-colorscheme = \"light\"\n\t\t\t\tdata-order-by = \"social\"\n\t\t\t\tdata-mobile=true>\n\t\t\t  <\/div><\/div>\n\t\t  <style>\n\t\t    .fb-background-color {\n\t\t\t\tbackground: #ffffff !important;\n\t\t\t}\n\t\t\t.fb_iframe_widget_fluid_desktop iframe {\n\t\t\t    width: 100% !important;\n\t\t\t}\n\t\t  <\/style>\n\t\t  ","protected":false},"excerpt":{"rendered":"<p>En el barrio Villa del Carmen, lo que deber\u00eda haber sido una obra de mejora se convirti\u00f3 en un muro de contenci\u00f3n para la vida cotidiana. Los vecinos denuncian que, desde hace una semana, la calle principal se encuentra bloqueada por mont\u00edculos de relleno que impiden el tr\u00e1nsito normal, obligando a las familias a realizar [&hellip;]<\/p>\n","protected":false},"author":4,"featured_media":44256,"comment_status":"closed","ping_status":"closed","sticky":false,"template":"","format":"standard","meta":{"_joinchat":[],"footnotes":""},"categories":[39],"tags":[],"class_list":["post-44254","post","type-post","status-publish","format-standard","has-post-thumbnail","hentry","category-en-esta-seccion"],"_links":{"self":[{"href":"https:\/\/www.elpolitologoyelpolitico.com.ar\/wordpress\/wp-json\/wp\/v2\/posts\/44254","targetHints":{"allow":["GET"]}}],"collection":[{"href":"https:\/\/www.elpolitologoyelpolitico.com.ar\/wordpress\/wp-json\/wp\/v2\/posts"}],"about":[{"href":"https:\/\/www.elpolitologoyelpolitico.com.ar\/wordpress\/wp-json\/wp\/v2\/types\/post"}],"author":[{"embeddable":true,"href":"https:\/\/www.elpolitologoyelpolitico.com.ar\/wordpress\/wp-json\/wp\/v2\/users\/4"}],"replies":[{"embeddable":true,"href":"https:\/\/www.elpolitologoyelpolitico.com.ar\/wordpress\/wp-json\/wp\/v2\/comments?post=44254"}],"version-history":[{"count":1,"href":"https:\/\/www.elpolitologoyelpolitico.com.ar\/wordpress\/wp-json\/wp\/v2\/posts\/44254\/revisions"}],"predecessor-version":[{"id":44255,"href":"https:\/\/www.elpolitologoyelpolitico.com.ar\/wordpress\/wp-json\/wp\/v2\/posts\/44254\/revisions\/44255"}],"wp:featuredmedia":[{"embeddable":true,"href":"https:\/\/www.elpolitologoyelpolitico.com.ar\/wordpress\/wp-json\/wp\/v2\/media\/44256"}],"wp:attachment":[{"href":"https:\/\/www.elpolitologoyelpolitico.com.ar\/wordpress\/wp-json\/wp\/v2\/media?parent=44254"}],"wp:term":[{"taxonomy":"category","embeddable":true,"href":"https:\/\/www.elpolitologoyelpolitico.com.ar\/wordpress\/wp-json\/wp\/v2\/categories?post=44254"},{"taxonomy":"post_tag","embeddable":true,"href":"https:\/\/www.elpolitologoyelpolitico.com.ar\/wordpress\/wp-json\/wp\/v2\/tags?post=44254"}],"curies":[{"name":"wp","href":"https:\/\/api.w.org\/{rel}","templated":true}]}}