{"id":44251,"date":"2026-03-11T17:05:50","date_gmt":"2026-03-11T20:05:50","guid":{"rendered":"https:\/\/www.elpolitologoyelpolitico.com.ar\/wordpress\/?p=44251"},"modified":"2026-03-11T17:05:51","modified_gmt":"2026-03-11T20:05:51","slug":"conmocion-en-la-plata-detuvieron-a-un-directivo-del-hogar-cajade-por-multiples-causas-de-abusos","status":"publish","type":"post","link":"https:\/\/www.elpolitologoyelpolitico.com.ar\/wordpress\/2026\/03\/11\/conmocion-en-la-plata-detuvieron-a-un-directivo-del-hogar-cajade-por-multiples-causas-de-abusos\/","title":{"rendered":"Conmoci\u00f3n en La Plata: detuvieron a un directivo del Hogar Cajade por m\u00faltiples causas de abusos"},"content":{"rendered":"\n<p>La ciudad de La Plata se encuentra sacudida tras la detenci\u00f3n de Gustavo Docters Fontana, un reconocido militante kirchnerista y educador, acusado de graves delitos contra la integridad sexual de menores. El escenario de los hechos habr\u00eda sido el Hogar Obra Padre Cajade, una instituci\u00f3n emblem\u00e1tica que desde hace m\u00e1s de 30 a\u00f1os funciona como refugio para ni\u00f1os y adolescentes en situaciones de extrema vulnerabilidad, violencia y abandono.<\/p>\n\n\n\n<p>Docters Fontana no era un desconocido en el \u00e1mbito social y pol\u00edtico de la capital bonaerense. Adem\u00e1s de su labor como educador dentro del hogar fundado por el Padre Cajade, el acusado ocupaba un cargo jer\u00e1rquico en el \u00e1rea de Ni\u00f1ez y Adolescencia de la provincia de Buenos Aires.<\/p>\n\n\n\n<p>Tras la formalizaci\u00f3n de la causa judicial, el Gobierno provincial procedi\u00f3 a su desvinculaci\u00f3n inmediata de la funci\u00f3n p\u00fablica. La investigaci\u00f3n judicial se puso en marcha hace pocas semanas, luego de que familiares de las presuntas v\u00edctimas rompieran el silencio. Seg\u00fan los testimonios vertidos en el expediente:<\/p>\n\n\n\n<ul class=\"wp-block-list\">\n<li>Periodo de los hechos: Los abusos habr\u00edan comenzado alrededor del a\u00f1o 2015, repiti\u00e9ndose de manera sistem\u00e1tica durante a\u00f1os.<\/li>\n\n\n\n<li>Cantidad de v\u00edctimas: Se han identificado, hasta el momento, al menos seis episodios distintos.<\/li>\n\n\n\n<li>Edad de los denunciantes: El grupo de v\u00edctimas incluye a j\u00f3venes que hoy ya son mayores de edad y adolescentes de entre 15 y 18 a\u00f1os.<\/li>\n<\/ul>\n\n\n\n<p>El Hogar Obra Padre Cajade ha sido, durante d\u00e9cadas, un s\u00edmbolo de resistencia y protecci\u00f3n para la infancia desvalida en la regi\u00f3n. Por ello, la confirmaci\u00f3n de que los abusos habr\u00edan ocurrido dentro de sus instalaciones genera un profundo dolor en la comunidad platense.<\/p>\n\n\n\n<p><strong>\u00abSe trataba de personas que buscaban refugio frente al abandono y terminaron encontrando un nuevo escenario de violencia\u00bb<\/strong>, se\u00f1alaron fuentes cercanas a la causa.<\/p>\n\n\n\n<p>La Justicia se encuentra recolectando testimonios adicionales y peritajes psicol\u00f3gicos para determinar la magnitud total de los hechos. Por el momento, el acusado permanece detenido mientras avanza el proceso legal que busca dar justicia a los j\u00f3venes afectados.<\/p>\n<div class=\"fb-background-color\">\n\t\t\t  <div \n\t\t\t  \tclass = \"fb-comments\" \n\t\t\t  \tdata-href = \"https:\/\/www.elpolitologoyelpolitico.com.ar\/wordpress\/2026\/03\/11\/conmocion-en-la-plata-detuvieron-a-un-directivo-del-hogar-cajade-por-multiples-causas-de-abusos\/\"\n\t\t\t  \tdata-numposts = \"10\"\n\t\t\t  \tdata-lazy = \"true\"\n\t\t\t\tdata-colorscheme = \"light\"\n\t\t\t\tdata-order-by = \"social\"\n\t\t\t\tdata-mobile=true>\n\t\t\t  <\/div><\/div>\n\t\t  <style>\n\t\t    .fb-background-color {\n\t\t\t\tbackground: #ffffff !important;\n\t\t\t}\n\t\t\t.fb_iframe_widget_fluid_desktop iframe {\n\t\t\t    width: 100% !important;\n\t\t\t}\n\t\t  <\/style>\n\t\t  ","protected":false},"excerpt":{"rendered":"<p>La ciudad de La Plata se encuentra sacudida tras la detenci\u00f3n de Gustavo Docters Fontana, un reconocido militante kirchnerista y educador, acusado de graves delitos contra la integridad sexual de menores. El escenario de los hechos habr\u00eda sido el Hogar Obra Padre Cajade, una instituci\u00f3n emblem\u00e1tica que desde hace m\u00e1s de 30 a\u00f1os funciona como [&hellip;]<\/p>\n","protected":false},"author":4,"featured_media":44252,"comment_status":"closed","ping_status":"closed","sticky":false,"template":"","format":"standard","meta":{"_joinchat":[],"footnotes":""},"categories":[39],"tags":[],"class_list":["post-44251","post","type-post","status-publish","format-standard","has-post-thumbnail","hentry","category-en-esta-seccion"],"_links":{"self":[{"href":"https:\/\/www.elpolitologoyelpolitico.com.ar\/wordpress\/wp-json\/wp\/v2\/posts\/44251","targetHints":{"allow":["GET"]}}],"collection":[{"href":"https:\/\/www.elpolitologoyelpolitico.com.ar\/wordpress\/wp-json\/wp\/v2\/posts"}],"about":[{"href":"https:\/\/www.elpolitologoyelpolitico.com.ar\/wordpress\/wp-json\/wp\/v2\/types\/post"}],"author":[{"embeddable":true,"href":"https:\/\/www.elpolitologoyelpolitico.com.ar\/wordpress\/wp-json\/wp\/v2\/users\/4"}],"replies":[{"embeddable":true,"href":"https:\/\/www.elpolitologoyelpolitico.com.ar\/wordpress\/wp-json\/wp\/v2\/comments?post=44251"}],"version-history":[{"count":1,"href":"https:\/\/www.elpolitologoyelpolitico.com.ar\/wordpress\/wp-json\/wp\/v2\/posts\/44251\/revisions"}],"predecessor-version":[{"id":44253,"href":"https:\/\/www.elpolitologoyelpolitico.com.ar\/wordpress\/wp-json\/wp\/v2\/posts\/44251\/revisions\/44253"}],"wp:featuredmedia":[{"embeddable":true,"href":"https:\/\/www.elpolitologoyelpolitico.com.ar\/wordpress\/wp-json\/wp\/v2\/media\/44252"}],"wp:attachment":[{"href":"https:\/\/www.elpolitologoyelpolitico.com.ar\/wordpress\/wp-json\/wp\/v2\/media?parent=44251"}],"wp:term":[{"taxonomy":"category","embeddable":true,"href":"https:\/\/www.elpolitologoyelpolitico.com.ar\/wordpress\/wp-json\/wp\/v2\/categories?post=44251"},{"taxonomy":"post_tag","embeddable":true,"href":"https:\/\/www.elpolitologoyelpolitico.com.ar\/wordpress\/wp-json\/wp\/v2\/tags?post=44251"}],"curies":[{"name":"wp","href":"https:\/\/api.w.org\/{rel}","templated":true}]}}