{"id":44248,"date":"2026-03-11T15:06:28","date_gmt":"2026-03-11T18:06:28","guid":{"rendered":"https:\/\/www.elpolitologoyelpolitico.com.ar\/wordpress\/?p=44248"},"modified":"2026-03-11T15:06:29","modified_gmt":"2026-03-11T18:06:29","slug":"humo-y-contaminacion-en-patagones-otra-vez-hay-incendios-en-la-escombrera","status":"publish","type":"post","link":"https:\/\/www.elpolitologoyelpolitico.com.ar\/wordpress\/2026\/03\/11\/humo-y-contaminacion-en-patagones-otra-vez-hay-incendios-en-la-escombrera\/","title":{"rendered":"Humo y contaminaci\u00f3n en Patagones: Otra vez hay incendios en la escombrera"},"content":{"rendered":"\n<p>Este mi\u00e9rcoles 11 de marzo, la ciudad amaneci\u00f3 nuevamente bajo una densa capa de humo. A pesar de los esfuerzos denodados de las dotaciones de Bomberos Voluntarios, el incendio en la escombrera municipal ha sufrido reactivaciones cr\u00edticas, afectando no solo la salud de los vecinos de los barrios perif\u00e9ricos, sino tambi\u00e9n la seguridad en la Ruta Nacional 3.<\/p>\n\n\n\n<p><strong>\u00abEstamos ante un escenario donde la visibilidad en la Ruta 3 se ve reducida a niveles peligrosos por momentos, lo que requiere un monitoreo constante de las fuerzas de seguridad\u00bb<\/strong>, se\u00f1alaron fuentes oficiales.<\/p>\n\n\n\n<p>Entre las medidas m\u00e1s destacadas se encuentran:<\/p>\n\n\n\n<ol class=\"wp-block-list\">\n<li>Restricci\u00f3n Total: A partir del 15 de marzo, quedar\u00e1 prohibido el ingreso de residuos domiciliarios a la escombrera. Solo se permitir\u00e1 el descarte de escombros y restos de poda.<\/li>\n\n\n\n<li>Vigilancia Reforzada: Ante los indicios de que el fuego podr\u00eda haber sido iniciado de forma intencional, se ha dispuesto una guardia permanente para evitar nuevos focos.<\/li>\n\n\n\n<li>Plan de Contingencia: Se est\u00e1 trabajando en la disposici\u00f3n final de residuos en sitios alternativos para mitigar el impacto sanitario.<\/li>\n<\/ol>\n\n\n\n<p>Los vecinos de barrios cercanos han manifestado su hartazgo ante la toxicidad del aire. La persistencia del humo no solo genera problemas respiratorios, sino que tambi\u00e9n afecta la vida cotidiana de cientos de familias que exigen una soluci\u00f3n definitiva al manejo de residuos en la localidad.<\/p>\n\n\n\n<p>Por el momento, se recomienda a los conductores extremar las precauciones al transitar por el tramo de la Ruta 3 cercano al predio y a los vecinos mantener cerradas las aberturas de sus viviendas para evitar el ingreso de part\u00edculas de combusti\u00f3n.<\/p>\n<div class=\"fb-background-color\">\n\t\t\t  <div \n\t\t\t  \tclass = \"fb-comments\" \n\t\t\t  \tdata-href = \"https:\/\/www.elpolitologoyelpolitico.com.ar\/wordpress\/2026\/03\/11\/humo-y-contaminacion-en-patagones-otra-vez-hay-incendios-en-la-escombrera\/\"\n\t\t\t  \tdata-numposts = \"10\"\n\t\t\t  \tdata-lazy = \"true\"\n\t\t\t\tdata-colorscheme = \"light\"\n\t\t\t\tdata-order-by = \"social\"\n\t\t\t\tdata-mobile=true>\n\t\t\t  <\/div><\/div>\n\t\t  <style>\n\t\t    .fb-background-color {\n\t\t\t\tbackground: #ffffff !important;\n\t\t\t}\n\t\t\t.fb_iframe_widget_fluid_desktop iframe {\n\t\t\t    width: 100% !important;\n\t\t\t}\n\t\t  <\/style>\n\t\t  ","protected":false},"excerpt":{"rendered":"<p>Este mi\u00e9rcoles 11 de marzo, la ciudad amaneci\u00f3 nuevamente bajo una densa capa de humo. A pesar de los esfuerzos denodados de las dotaciones de Bomberos Voluntarios, el incendio en la escombrera municipal ha sufrido reactivaciones cr\u00edticas, afectando no solo la salud de los vecinos de los barrios perif\u00e9ricos, sino tambi\u00e9n la seguridad en la [&hellip;]<\/p>\n","protected":false},"author":4,"featured_media":44249,"comment_status":"closed","ping_status":"closed","sticky":false,"template":"","format":"standard","meta":{"_joinchat":[],"footnotes":""},"categories":[39],"tags":[],"class_list":["post-44248","post","type-post","status-publish","format-standard","has-post-thumbnail","hentry","category-en-esta-seccion"],"_links":{"self":[{"href":"https:\/\/www.elpolitologoyelpolitico.com.ar\/wordpress\/wp-json\/wp\/v2\/posts\/44248","targetHints":{"allow":["GET"]}}],"collection":[{"href":"https:\/\/www.elpolitologoyelpolitico.com.ar\/wordpress\/wp-json\/wp\/v2\/posts"}],"about":[{"href":"https:\/\/www.elpolitologoyelpolitico.com.ar\/wordpress\/wp-json\/wp\/v2\/types\/post"}],"author":[{"embeddable":true,"href":"https:\/\/www.elpolitologoyelpolitico.com.ar\/wordpress\/wp-json\/wp\/v2\/users\/4"}],"replies":[{"embeddable":true,"href":"https:\/\/www.elpolitologoyelpolitico.com.ar\/wordpress\/wp-json\/wp\/v2\/comments?post=44248"}],"version-history":[{"count":1,"href":"https:\/\/www.elpolitologoyelpolitico.com.ar\/wordpress\/wp-json\/wp\/v2\/posts\/44248\/revisions"}],"predecessor-version":[{"id":44250,"href":"https:\/\/www.elpolitologoyelpolitico.com.ar\/wordpress\/wp-json\/wp\/v2\/posts\/44248\/revisions\/44250"}],"wp:featuredmedia":[{"embeddable":true,"href":"https:\/\/www.elpolitologoyelpolitico.com.ar\/wordpress\/wp-json\/wp\/v2\/media\/44249"}],"wp:attachment":[{"href":"https:\/\/www.elpolitologoyelpolitico.com.ar\/wordpress\/wp-json\/wp\/v2\/media?parent=44248"}],"wp:term":[{"taxonomy":"category","embeddable":true,"href":"https:\/\/www.elpolitologoyelpolitico.com.ar\/wordpress\/wp-json\/wp\/v2\/categories?post=44248"},{"taxonomy":"post_tag","embeddable":true,"href":"https:\/\/www.elpolitologoyelpolitico.com.ar\/wordpress\/wp-json\/wp\/v2\/tags?post=44248"}],"curies":[{"name":"wp","href":"https:\/\/api.w.org\/{rel}","templated":true}]}}