{"id":44243,"date":"2026-03-11T14:19:45","date_gmt":"2026-03-11T17:19:45","guid":{"rendered":"https:\/\/www.elpolitologoyelpolitico.com.ar\/wordpress\/?p=44243"},"modified":"2026-03-11T14:22:25","modified_gmt":"2026-03-11T17:22:25","slug":"reclamo-policial-ivi-franco-se-hizo-presente-para-escuchar-a-los-efectivos-de-la-provincia","status":"publish","type":"post","link":"https:\/\/www.elpolitologoyelpolitico.com.ar\/wordpress\/2026\/03\/11\/reclamo-policial-ivi-franco-se-hizo-presente-para-escuchar-a-los-efectivos-de-la-provincia\/","title":{"rendered":"Reclamo policial: La concejal Ivi Franco se hizo presente para escuchar a los efectivos de la provincia"},"content":{"rendered":"\n<p>La explanada frente a la Casa de Gobierno de R\u00edo Negro se ha transformado en el epicentro de un conflicto que no parece encontrar cauce institucional. Efectivos de la polic\u00eda provincial, quienes por ley no cuentan con representaci\u00f3n gremial, mantienen una manifestaci\u00f3n activa exigiendo una recomposici\u00f3n salarial urgente y el cese de lo que consideran medidas arbitrarias por parte del Ejecutivo.<\/p>\n\n\n\n<p>Uno de los puntos m\u00e1s comentados durante la jornada fue la notable ausencia de la clase pol\u00edtica provincial y municipal. La mayor\u00eda de los representantes han evitado el contacto directo con los manifestantes.<\/p>\n\n\n\n<p>En contraste, la \u00fanica concejal liberal libertaria de Viedma, Ivi Franco, se present\u00f3 en el lugar para escuchar de primera mano las demandas de los efectivos. Franco, coherente con su postura de control a la gesti\u00f3n p\u00fablica y defensa de los derechos individuales, marc\u00f3 una diferencia clara al visibilizar un conflicto que muchos prefieren ignorar.<\/p>\n\n\n\n<p><strong>\u00abEs fundamental estar donde el ciudadano reclama justicia. No podemos dar la espalda a quienes nos cuidan cuando denuncian condiciones indignas y arrestos injustos\u00bb<\/strong>, se\u00f1alaron desde el entorno de la edil.<\/p>\n\n\n\n<p>Paralelamente el legislador Luciano Delgado fue el otro \u00fanico representante de la esfera pol\u00edtica que se acerc\u00f3 a la manifestaci\u00f3n, dejando en evidencia una fractura entre la agenda de los funcionarios y la realidad de las fuerzas de seguridad.<\/p>\n\n\n\n<p>La presencia de Ivi Franco en el lugar no solo refuerza su perfil como una figura activa en Viedma, sino que pone presi\u00f3n sobre el resto del arco pol\u00edtico para que rompa el silencio ante una crisis que sigue escalando.<\/p>\n\n\n\n<p>El malestar, que ya era profundo por la situaci\u00f3n econ\u00f3mica, termin\u00f3 de estallar tras el arresto de Rub\u00e9n Mu\u00f1oz. Seg\u00fan denuncian los manifestantes, la detenci\u00f3n de Mu\u00f1oz fue un acto de represalia directa por haber expuesto p\u00fablicamente el reclamo del sector ante el Gobernador. La situaci\u00f3n ha alcanzado niveles dram\u00e1ticos con el caso de Silvia Fuente, quien se ha encadenado y permanece en huelga de hambre.<\/p>\n\n\n\n<p><\/p>\n<div class=\"fb-background-color\">\n\t\t\t  <div \n\t\t\t  \tclass = \"fb-comments\" \n\t\t\t  \tdata-href = \"https:\/\/www.elpolitologoyelpolitico.com.ar\/wordpress\/2026\/03\/11\/reclamo-policial-ivi-franco-se-hizo-presente-para-escuchar-a-los-efectivos-de-la-provincia\/\"\n\t\t\t  \tdata-numposts = \"10\"\n\t\t\t  \tdata-lazy = \"true\"\n\t\t\t\tdata-colorscheme = \"light\"\n\t\t\t\tdata-order-by = \"social\"\n\t\t\t\tdata-mobile=true>\n\t\t\t  <\/div><\/div>\n\t\t  <style>\n\t\t    .fb-background-color {\n\t\t\t\tbackground: #ffffff !important;\n\t\t\t}\n\t\t\t.fb_iframe_widget_fluid_desktop iframe {\n\t\t\t    width: 100% !important;\n\t\t\t}\n\t\t  <\/style>\n\t\t  ","protected":false},"excerpt":{"rendered":"<p>La explanada frente a la Casa de Gobierno de R\u00edo Negro se ha transformado en el epicentro de un conflicto que no parece encontrar cauce institucional. Efectivos de la polic\u00eda provincial, quienes por ley no cuentan con representaci\u00f3n gremial, mantienen una manifestaci\u00f3n activa exigiendo una recomposici\u00f3n salarial urgente y el cese de lo que consideran [&hellip;]<\/p>\n","protected":false},"author":4,"featured_media":44245,"comment_status":"closed","ping_status":"closed","sticky":false,"template":"","format":"standard","meta":{"_joinchat":[],"footnotes":""},"categories":[21],"tags":[],"class_list":["post-44243","post","type-post","status-publish","format-standard","has-post-thumbnail","hentry","category-actores-politicos"],"_links":{"self":[{"href":"https:\/\/www.elpolitologoyelpolitico.com.ar\/wordpress\/wp-json\/wp\/v2\/posts\/44243","targetHints":{"allow":["GET"]}}],"collection":[{"href":"https:\/\/www.elpolitologoyelpolitico.com.ar\/wordpress\/wp-json\/wp\/v2\/posts"}],"about":[{"href":"https:\/\/www.elpolitologoyelpolitico.com.ar\/wordpress\/wp-json\/wp\/v2\/types\/post"}],"author":[{"embeddable":true,"href":"https:\/\/www.elpolitologoyelpolitico.com.ar\/wordpress\/wp-json\/wp\/v2\/users\/4"}],"replies":[{"embeddable":true,"href":"https:\/\/www.elpolitologoyelpolitico.com.ar\/wordpress\/wp-json\/wp\/v2\/comments?post=44243"}],"version-history":[{"count":3,"href":"https:\/\/www.elpolitologoyelpolitico.com.ar\/wordpress\/wp-json\/wp\/v2\/posts\/44243\/revisions"}],"predecessor-version":[{"id":44247,"href":"https:\/\/www.elpolitologoyelpolitico.com.ar\/wordpress\/wp-json\/wp\/v2\/posts\/44243\/revisions\/44247"}],"wp:featuredmedia":[{"embeddable":true,"href":"https:\/\/www.elpolitologoyelpolitico.com.ar\/wordpress\/wp-json\/wp\/v2\/media\/44245"}],"wp:attachment":[{"href":"https:\/\/www.elpolitologoyelpolitico.com.ar\/wordpress\/wp-json\/wp\/v2\/media?parent=44243"}],"wp:term":[{"taxonomy":"category","embeddable":true,"href":"https:\/\/www.elpolitologoyelpolitico.com.ar\/wordpress\/wp-json\/wp\/v2\/categories?post=44243"},{"taxonomy":"post_tag","embeddable":true,"href":"https:\/\/www.elpolitologoyelpolitico.com.ar\/wordpress\/wp-json\/wp\/v2\/tags?post=44243"}],"curies":[{"name":"wp","href":"https:\/\/api.w.org\/{rel}","templated":true}]}}