{"id":44230,"date":"2026-03-11T11:28:59","date_gmt":"2026-03-11T14:28:59","guid":{"rendered":"https:\/\/www.elpolitologoyelpolitico.com.ar\/wordpress\/?p=44230"},"modified":"2026-03-11T11:29:00","modified_gmt":"2026-03-11T14:29:00","slug":"la-municipalidad-de-bariloche-prohibe-por-decreto-a-trapitos-malabaristas-y-limpiavidrios-en-la-via-publica","status":"publish","type":"post","link":"https:\/\/www.elpolitologoyelpolitico.com.ar\/wordpress\/2026\/03\/11\/la-municipalidad-de-bariloche-prohibe-por-decreto-a-trapitos-malabaristas-y-limpiavidrios-en-la-via-publica\/","title":{"rendered":"La municipalidad de Bariloche proh\u00edbe por decreto a \u00abtrapitos\u00bb, malabaristas y limpiavidrios en la v\u00eda p\u00fablica"},"content":{"rendered":"\n<p>El intendente de San Carlos de Bariloche, Walter Cort\u00e9s, dio un paso en su pol\u00edtica de ordenamiento del espacio p\u00fablico al firmar la Resoluci\u00f3n 0772-I-2026. A trav\u00e9s de esta normativa, queda terminantemente prohibida la presencia de \u00abtrapitos\u00bb, malabaristas, limpiavidrios y vendedores ambulantes en los sem\u00e1foros e intersecciones de la ciudad que no cuenten con una autorizaci\u00f3n municipal previa.<\/p>\n\n\n\n<p>La medida no solo alcanza a quienes ofrecen servicios de limpieza o cuidado de veh\u00edculos, sino tambi\u00e9n a espect\u00e1culos callejeros como acrobacias y malabares, o cualquier actividad an\u00e1loga que se desarrolle sobre la calzada o espacios de circulaci\u00f3n vehicular.<\/p>\n\n\n\n<p>Seg\u00fan los considerandos de la resoluci\u00f3n, la decisi\u00f3n se fundamenta en la gran cantidad de denuncias recibidas a trav\u00e9s de la l\u00ednea de reclamos 103. Los vecinos reportaron desde obstrucciones al tr\u00e1nsito y distracciones peligrosas para los conductores hasta situaciones de mayor gravedad, como hechos de intimidaci\u00f3n, coacci\u00f3n y amenazas hacia quienes transitan por la ciudad.<\/p>\n\n\n\n<p>Desde el Ejecutivo municipal sostuvieron que la proliferaci\u00f3n de estas actividades sin regulaci\u00f3n genera un \u00abriesgo potencial\u00bb para la seguridad vial y afecta el derecho a la libre circulaci\u00f3n. En sus fundamentos, Cort\u00e9s se\u00f1al\u00f3 que estas pr\u00e1cticas han derivado en reiteradas oportunidades en conflictos que alteran la convivencia social y generan un clima de inseguridad en las calles.<\/p>\n\n\n\n<p>Para garantizar el cumplimiento de la norma, la resoluci\u00f3n faculta a la Secretar\u00eda de Protecci\u00f3n Ciudadana y a la Subsecretar\u00eda de Seguridad a coordinar operativos de control. Estos procedimientos se realizar\u00e1n en conjunto con las fuerzas de seguridad, bajo el marco de la Ley Provincial N\u00b0 5592 (C\u00f3digo Contravencional de R\u00edo Negro).<\/p>\n\n\n\n<p>La normativa busca dotar al Estado municipal de herramientas legales precisas para intervenir y \u00abdesalentar\u00bb estas pr\u00e1cticas en la v\u00eda p\u00fablica. La resoluci\u00f3n lleva tambi\u00e9n la firma de los secretarios de Hacienda, Gonzalo Miguel Lerra, y de Legal y T\u00e9cnica, Yanina S\u00e1nchez.<\/p>\n<div class=\"fb-background-color\">\n\t\t\t  <div \n\t\t\t  \tclass = \"fb-comments\" \n\t\t\t  \tdata-href = \"https:\/\/www.elpolitologoyelpolitico.com.ar\/wordpress\/2026\/03\/11\/la-municipalidad-de-bariloche-prohibe-por-decreto-a-trapitos-malabaristas-y-limpiavidrios-en-la-via-publica\/\"\n\t\t\t  \tdata-numposts = \"10\"\n\t\t\t  \tdata-lazy = \"true\"\n\t\t\t\tdata-colorscheme = \"light\"\n\t\t\t\tdata-order-by = \"social\"\n\t\t\t\tdata-mobile=true>\n\t\t\t  <\/div><\/div>\n\t\t  <style>\n\t\t    .fb-background-color {\n\t\t\t\tbackground: #ffffff !important;\n\t\t\t}\n\t\t\t.fb_iframe_widget_fluid_desktop iframe {\n\t\t\t    width: 100% !important;\n\t\t\t}\n\t\t  <\/style>\n\t\t  ","protected":false},"excerpt":{"rendered":"<p>El intendente de San Carlos de Bariloche, Walter Cort\u00e9s, dio un paso en su pol\u00edtica de ordenamiento del espacio p\u00fablico al firmar la Resoluci\u00f3n 0772-I-2026. A trav\u00e9s de esta normativa, queda terminantemente prohibida la presencia de \u00abtrapitos\u00bb, malabaristas, limpiavidrios y vendedores ambulantes en los sem\u00e1foros e intersecciones de la ciudad que no cuenten con una [&hellip;]<\/p>\n","protected":false},"author":4,"featured_media":44231,"comment_status":"closed","ping_status":"closed","sticky":false,"template":"","format":"standard","meta":{"_joinchat":[],"footnotes":""},"categories":[39],"tags":[],"class_list":["post-44230","post","type-post","status-publish","format-standard","has-post-thumbnail","hentry","category-en-esta-seccion"],"_links":{"self":[{"href":"https:\/\/www.elpolitologoyelpolitico.com.ar\/wordpress\/wp-json\/wp\/v2\/posts\/44230","targetHints":{"allow":["GET"]}}],"collection":[{"href":"https:\/\/www.elpolitologoyelpolitico.com.ar\/wordpress\/wp-json\/wp\/v2\/posts"}],"about":[{"href":"https:\/\/www.elpolitologoyelpolitico.com.ar\/wordpress\/wp-json\/wp\/v2\/types\/post"}],"author":[{"embeddable":true,"href":"https:\/\/www.elpolitologoyelpolitico.com.ar\/wordpress\/wp-json\/wp\/v2\/users\/4"}],"replies":[{"embeddable":true,"href":"https:\/\/www.elpolitologoyelpolitico.com.ar\/wordpress\/wp-json\/wp\/v2\/comments?post=44230"}],"version-history":[{"count":1,"href":"https:\/\/www.elpolitologoyelpolitico.com.ar\/wordpress\/wp-json\/wp\/v2\/posts\/44230\/revisions"}],"predecessor-version":[{"id":44232,"href":"https:\/\/www.elpolitologoyelpolitico.com.ar\/wordpress\/wp-json\/wp\/v2\/posts\/44230\/revisions\/44232"}],"wp:featuredmedia":[{"embeddable":true,"href":"https:\/\/www.elpolitologoyelpolitico.com.ar\/wordpress\/wp-json\/wp\/v2\/media\/44231"}],"wp:attachment":[{"href":"https:\/\/www.elpolitologoyelpolitico.com.ar\/wordpress\/wp-json\/wp\/v2\/media?parent=44230"}],"wp:term":[{"taxonomy":"category","embeddable":true,"href":"https:\/\/www.elpolitologoyelpolitico.com.ar\/wordpress\/wp-json\/wp\/v2\/categories?post=44230"},{"taxonomy":"post_tag","embeddable":true,"href":"https:\/\/www.elpolitologoyelpolitico.com.ar\/wordpress\/wp-json\/wp\/v2\/tags?post=44230"}],"curies":[{"name":"wp","href":"https:\/\/api.w.org\/{rel}","templated":true}]}}