{"id":44223,"date":"2026-03-11T10:49:06","date_gmt":"2026-03-11T13:49:06","guid":{"rendered":"https:\/\/www.elpolitologoyelpolitico.com.ar\/wordpress\/?p=44223"},"modified":"2026-03-11T12:57:40","modified_gmt":"2026-03-11T15:57:40","slug":"rio-negro-hablo-la-mujer-encadenada-en-la-casa-de-gobierno","status":"publish","type":"post","link":"https:\/\/www.elpolitologoyelpolitico.com.ar\/wordpress\/2026\/03\/11\/rio-negro-hablo-la-mujer-encadenada-en-la-casa-de-gobierno\/","title":{"rendered":"R\u00edo Negro: Habl\u00f3 la mujer encadenada en la casa de Gobierno \u00abVi a Rub\u00e9n muy agotado\u00bb"},"content":{"rendered":"\n<figure class=\"wp-block-audio\"><audio controls src=\"https:\/\/www.elpolitologoyelpolitico.com.ar\/wp-content\/uploads\/2026\/03\/YouCut_20260311_102203116.mp3\"><\/audio><\/figure>\n\n\n\n<p>La tensi\u00f3n en torno al reclamo de las fuerzas de seguridad en R\u00edo Negro escal\u00f3 cuando Silvia Fuente, suboficial retirada de la polic\u00eda provincial, decidi\u00f3 encadenarse frente a la Casa de Gobierno. En una entrevista exclusiva, Fuente detall\u00f3 los motivos de una medida de fuerza que califica como por tiempo indeterminado.<\/p>\n\n\n\n<p>La protesta tiene dos ejes centrales: una recomposici\u00f3n salarial urgente que fije un piso de $1.800.000 para los ingresantes y la liberaci\u00f3n inmediata de Rub\u00e9n Mu\u00f1oz, referente del sector que se encuentra detenido.<\/p>\n\n\n\n<p>Seg\u00fan Fuente, la crisis dentro de la fuerza no es un fen\u00f3meno reciente, sino el resultado de a\u00f1os de desatenci\u00f3n. La ex polic\u00eda vincul\u00f3 el malestar econ\u00f3mico con tragedias previas dentro de la instituci\u00f3n, rechazando las explicaciones oficiales sobre la salud mental de los efectivos.<\/p>\n\n\n\n<p><strong>\u00abNuestra lucha hace m\u00e1s de tres a\u00f1os empez\u00f3 cuando se quitaron la vida tres oficiales; dec\u00edan que era un problema psicol\u00f3gico y todo es problema econ\u00f3mico. El polic\u00eda gana una miseria, es un sueldo de hambre\u00bb<\/strong>, sentenci\u00f3 Fuente.<\/p>\n\n\n\n<p>La entrevistada tambi\u00e9n denunci\u00f3 irregularidades en el pago de \u00edtems salariales hist\u00f3ricos, como el concepto de zona desfavorable, asegurando que durante 14 a\u00f1os se les quit\u00f3 ese derecho y ahora solo se les reconoce una fracci\u00f3n m\u00ednima: <strong>\u00abEs una verg\u00fcenza, es un gobierno corrupto\u00bb.<\/strong><\/p>\n\n\n\n<p>La detenci\u00f3n de Rub\u00e9n Mu\u00f1oz ha actuado como el detonante de esta nueva etapa de movilizaci\u00f3n. Fuente sostiene que la privaci\u00f3n de la libertad de su compa\u00f1ero responde a un \u00abproblema personal\u00bb de larga data con el Ministro de Seguridad provincial, Daniel Jara.<\/p>\n\n\n\n<p>Aunque manifest\u00f3 no conocer todos los detalles legales del expediente, fue enf\u00e1tica al pedir su liberaci\u00f3n: <strong>\u00abNosotros lo que queremos es la liberaci\u00f3n de Mu\u00f1oz, porque es injusta\u00bb<\/strong><strong>.<\/strong> Adem\u00e1s, expres\u00f3 su preocupaci\u00f3n por la integridad f\u00edsica del detenido, asegurando que en sus \u00faltimas apariciones p\u00fablicas se lo vio \u00abmuy mal y agotado\u00bb.<\/p>\n\n\n\n<p>Uno de los puntos m\u00e1s cr\u00edticos del reclamo es la falta de representaci\u00f3n que los efectivos sienten por parte de las estructuras tradicionales. Fuente fue tajante al rechazar a los actuales negociadores:<\/p>\n\n\n\n<ul class=\"wp-block-list\">\n<li>Rechazo a intermediarios: <strong>\u00abA m\u00ed Calvo no me representa, la Mutual no me representa para nada. Ellos se sientan a la mesa y no tienen ni voz ni voto\u00bb.<\/strong><\/li>\n\n\n\n<li>Pedido al Ejecutivo: La manifestante exige una audiencia directa con el gobernador Alberto Weretilneck.<\/li>\n<\/ul>\n\n\n\n<p>A pesar de que ning\u00fan funcionario del Ejecutivo provincial se ha acercado hasta el momento, la protesta ha recibido visitas de sectores de la oposici\u00f3n, como la concejal liberal libertaria Ivi Franco y el legislador Luciano Delgado.<\/p>\n\n\n\n<p>Fuente hizo un llamado a sus colegas en actividad, quienes, seg\u00fan afirma, no pueden manifestarse por miedo a represalias. Su mensaje fue directo hacia las urnas: <strong>\u00abQue el d\u00eda cuando vayan a votar, sea un voto castigo, este gobierno nunca m\u00e1s siga\u00bb<\/strong>.<\/p>\n<div class=\"fb-background-color\">\n\t\t\t  <div \n\t\t\t  \tclass = \"fb-comments\" \n\t\t\t  \tdata-href = \"https:\/\/www.elpolitologoyelpolitico.com.ar\/wordpress\/2026\/03\/11\/rio-negro-hablo-la-mujer-encadenada-en-la-casa-de-gobierno\/\"\n\t\t\t  \tdata-numposts = \"10\"\n\t\t\t  \tdata-lazy = \"true\"\n\t\t\t\tdata-colorscheme = \"light\"\n\t\t\t\tdata-order-by = \"social\"\n\t\t\t\tdata-mobile=true>\n\t\t\t  <\/div><\/div>\n\t\t  <style>\n\t\t    .fb-background-color {\n\t\t\t\tbackground: #ffffff !important;\n\t\t\t}\n\t\t\t.fb_iframe_widget_fluid_desktop iframe {\n\t\t\t    width: 100% !important;\n\t\t\t}\n\t\t  <\/style>\n\t\t  ","protected":false},"excerpt":{"rendered":"<p>La tensi\u00f3n en torno al reclamo de las fuerzas de seguridad en R\u00edo Negro escal\u00f3 cuando Silvia Fuente, suboficial retirada de la polic\u00eda provincial, decidi\u00f3 encadenarse frente a la Casa de Gobierno. En una entrevista exclusiva, Fuente detall\u00f3 los motivos de una medida de fuerza que califica como por tiempo indeterminado. La protesta tiene dos [&hellip;]<\/p>\n","protected":false},"author":4,"featured_media":44224,"comment_status":"closed","ping_status":"closed","sticky":false,"template":"","format":"standard","meta":{"_joinchat":[],"footnotes":""},"categories":[39],"tags":[],"class_list":["post-44223","post","type-post","status-publish","format-standard","has-post-thumbnail","hentry","category-en-esta-seccion"],"_links":{"self":[{"href":"https:\/\/www.elpolitologoyelpolitico.com.ar\/wordpress\/wp-json\/wp\/v2\/posts\/44223","targetHints":{"allow":["GET"]}}],"collection":[{"href":"https:\/\/www.elpolitologoyelpolitico.com.ar\/wordpress\/wp-json\/wp\/v2\/posts"}],"about":[{"href":"https:\/\/www.elpolitologoyelpolitico.com.ar\/wordpress\/wp-json\/wp\/v2\/types\/post"}],"author":[{"embeddable":true,"href":"https:\/\/www.elpolitologoyelpolitico.com.ar\/wordpress\/wp-json\/wp\/v2\/users\/4"}],"replies":[{"embeddable":true,"href":"https:\/\/www.elpolitologoyelpolitico.com.ar\/wordpress\/wp-json\/wp\/v2\/comments?post=44223"}],"version-history":[{"count":4,"href":"https:\/\/www.elpolitologoyelpolitico.com.ar\/wordpress\/wp-json\/wp\/v2\/posts\/44223\/revisions"}],"predecessor-version":[{"id":44240,"href":"https:\/\/www.elpolitologoyelpolitico.com.ar\/wordpress\/wp-json\/wp\/v2\/posts\/44223\/revisions\/44240"}],"wp:featuredmedia":[{"embeddable":true,"href":"https:\/\/www.elpolitologoyelpolitico.com.ar\/wordpress\/wp-json\/wp\/v2\/media\/44224"}],"wp:attachment":[{"href":"https:\/\/www.elpolitologoyelpolitico.com.ar\/wordpress\/wp-json\/wp\/v2\/media?parent=44223"}],"wp:term":[{"taxonomy":"category","embeddable":true,"href":"https:\/\/www.elpolitologoyelpolitico.com.ar\/wordpress\/wp-json\/wp\/v2\/categories?post=44223"},{"taxonomy":"post_tag","embeddable":true,"href":"https:\/\/www.elpolitologoyelpolitico.com.ar\/wordpress\/wp-json\/wp\/v2\/tags?post=44223"}],"curies":[{"name":"wp","href":"https:\/\/api.w.org\/{rel}","templated":true}]}}