{"id":44220,"date":"2026-03-11T12:00:11","date_gmt":"2026-03-11T15:00:11","guid":{"rendered":"https:\/\/www.elpolitologoyelpolitico.com.ar\/wordpress\/?p=44220"},"modified":"2026-03-11T12:37:26","modified_gmt":"2026-03-11T15:37:26","slug":"dario-gajewski-grandes-libertarios-nace-para-defender-los-valores-y-la-democracia-interna-en-la-provincia","status":"publish","type":"post","link":"https:\/\/www.elpolitologoyelpolitico.com.ar\/wordpress\/2026\/03\/11\/dario-gajewski-grandes-libertarios-nace-para-defender-los-valores-y-la-democracia-interna-en-la-provincia\/","title":{"rendered":"Dar\u00edo Gajewski: \u00abGrandes Libertarios nace para defender los valores y la democracia interna en la provincia\u00bb"},"content":{"rendered":"\n<figure class=\"wp-block-audio\"><audio controls src=\"https:\/\/www.elpolitologoyelpolitico.com.ar\/wp-content\/uploads\/2026\/03\/2026-03-11-Dario-Gajewski.mp3\"><\/audio><\/figure>\n\n\n\n<p>En una reciente entrevista para el programa El Polit\u00f3logo y El Pol\u00edtico, Dar\u00edo Gajewski, referente de la agrupaci\u00f3n Grandes Libertarios, analiz\u00f3 el presente del espacio en la provincia de R\u00edo Negro, los desaf\u00edos electorales que se avecinan y la tensa relaci\u00f3n con la actual conducci\u00f3n partidaria encabezada por la diputada nacional Lorena Villaverde.<\/p>\n\n\n\n<p>Gajewski record\u00f3 los inicios de la fuerza en la regi\u00f3n, destacando el rol fundamental que tuvo la ciudad de Cipolletti para que hoy La Libertad Avanza (LLA) cuente con reconocimiento legal. Seg\u00fan el dirigente, el equipo local fue determinante cuando los plazos judiciales acechaban.<\/p>\n\n\n\n<figure class=\"wp-block-image size-full\"><img fetchpriority=\"high\" decoding=\"async\" width=\"640\" height=\"312\" src=\"https:\/\/www.elpolitologoyelpolitico.com.ar\/wp-content\/uploads\/2026\/03\/IVI-FRANCO-21-1.png\" alt=\"\" class=\"wp-image-44238\" srcset=\"https:\/\/www.elpolitologoyelpolitico.com.ar\/wp-content\/uploads\/2026\/03\/IVI-FRANCO-21-1.png 640w, https:\/\/www.elpolitologoyelpolitico.com.ar\/wp-content\/uploads\/2026\/03\/IVI-FRANCO-21-1-300x146.png 300w\" sizes=\"(max-width: 640px) 100vw, 640px\" \/><\/figure>\n\n\n\n<p><strong>\u00abFuimos la ciudad que m\u00e1s afiliaciones present\u00f3 para lograr tener el partido consolidado en la provincia. A dos d\u00edas de que, si no consegu\u00edamos 600 afiliaciones, se perd\u00eda el partido, nosotros presentamos 700\u00bb<\/strong>, explic\u00f3 con orgullo, subrayando que cuentan con un equipo de aproximadamente 700 personas comprometidas directamente con el presidente Milei.<\/p>\n\n\n\n<p>Sin embargo, el crecimiento del partido trajo consigo fricciones internas. Gajewski fue cr\u00edtico al describir el proceso de toma de decisiones tras la obtenci\u00f3n del sello, denunciando un manejo personalista por parte de la diputada Villaverde. El referente se\u00f1al\u00f3 que se les neg\u00f3 la posibilidad de elecciones internas y que la conducci\u00f3n <strong>\u00abse apoder\u00f3 del partido poniendo a sus amigos en la junta\u00bb.<\/strong><\/p>\n\n\n\n<p>Ante este escenario de falta de di\u00e1logo y \u00abdesobediencia\u00bb a \u00f3rdenes que consideraron destructivas, naci\u00f3 la agrupaci\u00f3n que hoy lidera:<\/p>\n\n\n\n<p><strong>\u00ab\u00bfPor qu\u00e9 Grandes? Porque nosotros trabajamos con grandeza y con valores. Nos pusimos ese nombre para construir, reconstruir y sumar las voluntades que se fueron\u00bb<\/strong>, sentenci\u00f3 Gajewski.<\/p>\n\n\n\n<p>Lejos de considerarse una simple l\u00ednea interna, Gajewski define a Grandes Libertarios como un equipo de control de los valores libertarios. En este sentido, destac\u00f3 la figura del senador nacional Enzo Fullone, con quien compartieron un evento recientemente en General Roca, resaltando su \u00abapertura al di\u00e1logo y frescura\u00bb.<\/p>\n\n\n\n<p><strong>\u00abNosotros vamos a ser los veedores de que en La Libertad Avanza se siga trabajando bajo la democracia y el respeto al afiliado. Si vemos que algo se cae del camino, nos vamos a poner enfrente\u00bb<\/strong>, advirti\u00f3.<\/p>\n\n\n\n<p>Con la mirada puesta en el calendario electoral, la agrupaci\u00f3n ya despliega actividades en Roca, Las Grutas, Viedma y pr\u00f3ximamente en Bariloche. El objetivo es claro: llegar a diciembre con candidatos competitivos en todos los municipios que eligen intendente en mayo.<\/p>\n\n\n\n<p>Finalmente, al ser consultado por supuestos incidentes en el acto de Roca, el dirigente minimiz\u00f3 los hechos calific\u00e1ndolos de \u00abinsignificantes\u00bb y ajenos a la organizaci\u00f3n del partido, prefiriendo enfocarse en la consolidaci\u00f3n de un espacio que busca gente \u00abcon trayectoria intachable y honesta\u00bb para gobernar la provincia.<\/p>\n<div class=\"fb-background-color\">\n\t\t\t  <div \n\t\t\t  \tclass = \"fb-comments\" \n\t\t\t  \tdata-href = \"https:\/\/www.elpolitologoyelpolitico.com.ar\/wordpress\/2026\/03\/11\/dario-gajewski-grandes-libertarios-nace-para-defender-los-valores-y-la-democracia-interna-en-la-provincia\/\"\n\t\t\t  \tdata-numposts = \"10\"\n\t\t\t  \tdata-lazy = \"true\"\n\t\t\t\tdata-colorscheme = \"light\"\n\t\t\t\tdata-order-by = \"social\"\n\t\t\t\tdata-mobile=true>\n\t\t\t  <\/div><\/div>\n\t\t  <style>\n\t\t    .fb-background-color {\n\t\t\t\tbackground: #ffffff !important;\n\t\t\t}\n\t\t\t.fb_iframe_widget_fluid_desktop iframe {\n\t\t\t    width: 100% !important;\n\t\t\t}\n\t\t  <\/style>\n\t\t  ","protected":false},"excerpt":{"rendered":"<p>En una reciente entrevista para el programa El Polit\u00f3logo y El Pol\u00edtico, Dar\u00edo Gajewski, referente de la agrupaci\u00f3n Grandes Libertarios, analiz\u00f3 el presente del espacio en la provincia de R\u00edo Negro, los desaf\u00edos electorales que se avecinan y la tensa relaci\u00f3n con la actual conducci\u00f3n partidaria encabezada por la diputada nacional Lorena Villaverde. Gajewski record\u00f3 [&hellip;]<\/p>\n","protected":false},"author":4,"featured_media":44237,"comment_status":"closed","ping_status":"closed","sticky":false,"template":"","format":"standard","meta":{"_joinchat":[],"footnotes":""},"categories":[39],"tags":[],"class_list":["post-44220","post","type-post","status-publish","format-standard","has-post-thumbnail","hentry","category-en-esta-seccion"],"_links":{"self":[{"href":"https:\/\/www.elpolitologoyelpolitico.com.ar\/wordpress\/wp-json\/wp\/v2\/posts\/44220","targetHints":{"allow":["GET"]}}],"collection":[{"href":"https:\/\/www.elpolitologoyelpolitico.com.ar\/wordpress\/wp-json\/wp\/v2\/posts"}],"about":[{"href":"https:\/\/www.elpolitologoyelpolitico.com.ar\/wordpress\/wp-json\/wp\/v2\/types\/post"}],"author":[{"embeddable":true,"href":"https:\/\/www.elpolitologoyelpolitico.com.ar\/wordpress\/wp-json\/wp\/v2\/users\/4"}],"replies":[{"embeddable":true,"href":"https:\/\/www.elpolitologoyelpolitico.com.ar\/wordpress\/wp-json\/wp\/v2\/comments?post=44220"}],"version-history":[{"count":2,"href":"https:\/\/www.elpolitologoyelpolitico.com.ar\/wordpress\/wp-json\/wp\/v2\/posts\/44220\/revisions"}],"predecessor-version":[{"id":44239,"href":"https:\/\/www.elpolitologoyelpolitico.com.ar\/wordpress\/wp-json\/wp\/v2\/posts\/44220\/revisions\/44239"}],"wp:featuredmedia":[{"embeddable":true,"href":"https:\/\/www.elpolitologoyelpolitico.com.ar\/wordpress\/wp-json\/wp\/v2\/media\/44237"}],"wp:attachment":[{"href":"https:\/\/www.elpolitologoyelpolitico.com.ar\/wordpress\/wp-json\/wp\/v2\/media?parent=44220"}],"wp:term":[{"taxonomy":"category","embeddable":true,"href":"https:\/\/www.elpolitologoyelpolitico.com.ar\/wordpress\/wp-json\/wp\/v2\/categories?post=44220"},{"taxonomy":"post_tag","embeddable":true,"href":"https:\/\/www.elpolitologoyelpolitico.com.ar\/wordpress\/wp-json\/wp\/v2\/tags?post=44220"}],"curies":[{"name":"wp","href":"https:\/\/api.w.org\/{rel}","templated":true}]}}