{"id":44218,"date":"2026-03-11T11:08:32","date_gmt":"2026-03-11T14:08:32","guid":{"rendered":"https:\/\/www.elpolitologoyelpolitico.com.ar\/wordpress\/?p=44218"},"modified":"2026-03-11T12:58:25","modified_gmt":"2026-03-11T15:58:25","slug":"alerta-en-el-barrio-268-reclaman-el-retiro-urgente-de-un-poste-quebrado-que-pobre-en-riesgo-a-los-vecinos","status":"publish","type":"post","link":"https:\/\/www.elpolitologoyelpolitico.com.ar\/wordpress\/2026\/03\/11\/alerta-en-el-barrio-268-reclaman-el-retiro-urgente-de-un-poste-quebrado-que-pobre-en-riesgo-a-los-vecinos\/","title":{"rendered":"Ante el reclamo de los vecinos habl\u00f3 el presidente de la comisi\u00f3n de fomento del barrio 268 para que retiren un poste a punto de caerse"},"content":{"rendered":"\n<figure class=\"wp-block-audio\"><audio controls src=\"https:\/\/www.elpolitologoyelpolitico.com.ar\/wp-content\/uploads\/2026\/03\/2026-03-11-Sebastian-Andrada.mp3\"><\/audio><\/figure>\n\n\n\n<p>En una entrevista brindada esta ma\u00f1ana, Sebasti\u00e1n Andrada, referente barrial del sector de las 268 viviendas en Carmen de Patagones, expres\u00f3 su profunda preocupaci\u00f3n por el estado de un poste de madera perteneciente a la empresa Telef\u00f3nica que se encuentra en un estado cr\u00edtico de deterioro.<\/p>\n\n\n\n<p>El poste, ubicado estrat\u00e9gicamente en la esquina de Ant\u00e1rtida Argentina y Chile, presenta una fractura en su base. Seg\u00fan Andrada, quien inspeccion\u00f3 el lugar personalmente tras el llamado de los vecinos, la estructura est\u00e1 literalmente apoyada sobre una vivienda particular.<\/p>\n\n\n\n<p><strong>\u00abEst\u00e1 quebrado bien abajo y corre peligro porque con un poco de viento puede generar cualquier desastre. Pasan personas, autos y juegan chicos en la zona\u00bb<\/strong>, advirti\u00f3 el dirigente.<\/p>\n\n\n\n<p>Aunque el municipio instal\u00f3 vallas de seguridad en el per\u00edmetro, Andrada fue tajante al respecto: \u00ab<strong>Esas vallas no van a parar nada de que suceda algo. Yo trabajo en esto y s\u00e9 c\u00f3mo son las cosas; hay que prevenir antes de que tengamos que lamentarnos\u00bb<\/strong><strong>.<\/strong><\/p>\n\n\n\n<p>A pesar de que ya se present\u00f3 una nota formal a la Municipalidad, y de haber mantenido reuniones con Defensa Civil y el secretario de Gobierno, Mat\u00edas P\u00e9rez, la soluci\u00f3n definitiva parece estar trabada por la responsabilidad de la empresa prestataria.<\/p>\n\n\n\n<p>Sin embargo, para la Comisi\u00f3n de Fomento, la jurisdicci\u00f3n no deber\u00eda ser una excusa para la inacci\u00f3n: <strong>\u00abNo pueden pasar 5 o 6 meses como ya pas\u00f3 en otros sucesos, como el poste de la cancha en Villa Rita. Si yo tuviera los medios en el barrio, lo hago yo. El tema ac\u00e1 es prevenir, porque si no, despu\u00e9s est\u00e1n los lamentos y siempre vamos atr\u00e1s del problema, como en la Argentina\u00bb.<\/strong><\/p>\n\n\n\n<p>M\u00e1s all\u00e1 del reclamo por el poste, Andrada destac\u00f3 el rol activo de la comisi\u00f3n para resolver problemas cotidianos. Relat\u00f3 que recientemente, tras la ca\u00edda de un arco en el play\u00f3n del club mientras practicaban las categor\u00edas inferiores, los propios vecinos retiraron la estructura para repararla por cuenta propia. <strong>\u00abIntentamos resolver por nuestros medios y, si no podemos, ah\u00ed requerimos la mano del municipio\u00bb<\/strong>, explic\u00f3.<\/p>\n\n\n\n<p>Consultado sobre los hechos de violencia reportados recientemente entre familias vecinas del barrio 268, Andrada se mostr\u00f3 cauto, calific\u00e1ndolos como \u00absituaciones privadas\u00bb que ya est\u00e1n en manos de la justicia y el municipio.<\/p>\n\n\n\n<p>De igual manera, se refiri\u00f3 a la denuncia p\u00fablica de una vecina que asegur\u00f3 haber recibido alimentos en mal estado por parte de la comuna. Al respecto, el presidente de la Comisi\u00f3n de Fomento se\u00f1al\u00f3 no haberse entrevistado con la afectada, aunque mencion\u00f3 haber visto aclaraciones posteriores que indicaban que el material visual podr\u00eda ser antiguo.<\/p>\n\n\n\n<p>Por el momento, el foco de la barriada permanece puesto en la esquina de Ant\u00e1rtida Argentina y Chile, a la espera de que la empresa responsable o el municipio retiren la estructura antes de que el clima empeore.<\/p>\n<div class=\"fb-background-color\">\n\t\t\t  <div \n\t\t\t  \tclass = \"fb-comments\" \n\t\t\t  \tdata-href = \"https:\/\/www.elpolitologoyelpolitico.com.ar\/wordpress\/2026\/03\/11\/alerta-en-el-barrio-268-reclaman-el-retiro-urgente-de-un-poste-quebrado-que-pobre-en-riesgo-a-los-vecinos\/\"\n\t\t\t  \tdata-numposts = \"10\"\n\t\t\t  \tdata-lazy = \"true\"\n\t\t\t\tdata-colorscheme = \"light\"\n\t\t\t\tdata-order-by = \"social\"\n\t\t\t\tdata-mobile=true>\n\t\t\t  <\/div><\/div>\n\t\t  <style>\n\t\t    .fb-background-color {\n\t\t\t\tbackground: #ffffff !important;\n\t\t\t}\n\t\t\t.fb_iframe_widget_fluid_desktop iframe {\n\t\t\t    width: 100% !important;\n\t\t\t}\n\t\t  <\/style>\n\t\t  ","protected":false},"excerpt":{"rendered":"<p>En una entrevista brindada esta ma\u00f1ana, Sebasti\u00e1n Andrada, referente barrial del sector de las 268 viviendas en Carmen de Patagones, expres\u00f3 su profunda preocupaci\u00f3n por el estado de un poste de madera perteneciente a la empresa Telef\u00f3nica que se encuentra en un estado cr\u00edtico de deterioro. El poste, ubicado estrat\u00e9gicamente en la esquina de Ant\u00e1rtida [&hellip;]<\/p>\n","protected":false},"author":4,"featured_media":44228,"comment_status":"closed","ping_status":"closed","sticky":false,"template":"","format":"standard","meta":{"_joinchat":[],"footnotes":""},"categories":[39],"tags":[],"class_list":["post-44218","post","type-post","status-publish","format-standard","has-post-thumbnail","hentry","category-en-esta-seccion"],"_links":{"self":[{"href":"https:\/\/www.elpolitologoyelpolitico.com.ar\/wordpress\/wp-json\/wp\/v2\/posts\/44218","targetHints":{"allow":["GET"]}}],"collection":[{"href":"https:\/\/www.elpolitologoyelpolitico.com.ar\/wordpress\/wp-json\/wp\/v2\/posts"}],"about":[{"href":"https:\/\/www.elpolitologoyelpolitico.com.ar\/wordpress\/wp-json\/wp\/v2\/types\/post"}],"author":[{"embeddable":true,"href":"https:\/\/www.elpolitologoyelpolitico.com.ar\/wordpress\/wp-json\/wp\/v2\/users\/4"}],"replies":[{"embeddable":true,"href":"https:\/\/www.elpolitologoyelpolitico.com.ar\/wordpress\/wp-json\/wp\/v2\/comments?post=44218"}],"version-history":[{"count":3,"href":"https:\/\/www.elpolitologoyelpolitico.com.ar\/wordpress\/wp-json\/wp\/v2\/posts\/44218\/revisions"}],"predecessor-version":[{"id":44242,"href":"https:\/\/www.elpolitologoyelpolitico.com.ar\/wordpress\/wp-json\/wp\/v2\/posts\/44218\/revisions\/44242"}],"wp:featuredmedia":[{"embeddable":true,"href":"https:\/\/www.elpolitologoyelpolitico.com.ar\/wordpress\/wp-json\/wp\/v2\/media\/44228"}],"wp:attachment":[{"href":"https:\/\/www.elpolitologoyelpolitico.com.ar\/wordpress\/wp-json\/wp\/v2\/media?parent=44218"}],"wp:term":[{"taxonomy":"category","embeddable":true,"href":"https:\/\/www.elpolitologoyelpolitico.com.ar\/wordpress\/wp-json\/wp\/v2\/categories?post=44218"},{"taxonomy":"post_tag","embeddable":true,"href":"https:\/\/www.elpolitologoyelpolitico.com.ar\/wordpress\/wp-json\/wp\/v2\/tags?post=44218"}],"curies":[{"name":"wp","href":"https:\/\/api.w.org\/{rel}","templated":true}]}}