{"id":44215,"date":"2026-03-11T09:20:32","date_gmt":"2026-03-11T12:20:32","guid":{"rendered":"https:\/\/www.elpolitologoyelpolitico.com.ar\/wordpress\/?p=44215"},"modified":"2026-03-11T09:20:34","modified_gmt":"2026-03-11T12:20:34","slug":"alerta-buscan-intensamente-a-dos-adolescentes-desaparecidas-en-la-zona-de-calle-irigoyen","status":"publish","type":"post","link":"https:\/\/www.elpolitologoyelpolitico.com.ar\/wordpress\/2026\/03\/11\/alerta-buscan-intensamente-a-dos-adolescentes-desaparecidas-en-la-zona-de-calle-irigoyen\/","title":{"rendered":"ALERTA: Buscan intensamente a dos adolescentes desaparecidas en la zona de calle Irigoyen"},"content":{"rendered":"\n<p>Se ha activado un pedido de paradero urgente para localizar a Roc\u00edo Morena Railef Duarte, de 14 a\u00f1os, y a Nahiara Solange Bertoia Fern\u00e1ndez, de 13 a\u00f1os. Ambas menores fueron vistas por \u00faltima vez ayer, alrededor de las 20:40 horas, en las inmediaciones de la calle Irigoyen al 200.<\/p>\n\n\n\n<p>Las autoridades y familiares solicitan la colaboraci\u00f3n de la comunidad para aportar cualquier dato que permita dar con su ubicaci\u00f3n. Seg\u00fan la informaci\u00f3n oficial, ninguna de las dos j\u00f3venes posee tatuajes. Para facilitar su identificaci\u00f3n, se han difundido las siguientes caracter\u00edsticas:<\/p>\n\n\n\n<p><strong>Roc\u00edo Morena Railef Duarte (14 a\u00f1os)<\/strong><\/p>\n\n\n\n<ul class=\"wp-block-list\">\n<li>Estatura: 1,55 metros aproximadamente.<\/li>\n\n\n\n<li>Contextura: Delgada.<\/li>\n\n\n\n<li>Apariencia: Tez morena, cabello casta\u00f1o oscuro largo hasta los hombros.<\/li>\n\n\n\n<li>Vestimenta al momento de la desaparici\u00f3n: Pantal\u00f3n de jean ancho color celeste, remera gris y zapatillas negras.<\/li>\n<\/ul>\n\n\n\n<p><strong>Nahiara Solange Bertoia Fern\u00e1ndez (13 a\u00f1os)<\/strong><\/p>\n\n\n\n<ul class=\"wp-block-list\">\n<li>Estatura: 1,50 metros aproximadamente.<\/li>\n\n\n\n<li>Contextura: Robusta.<\/li>\n\n\n\n<li>Apariencia: Tez trigue\u00f1a.<\/li>\n\n\n\n<li>Vestimenta al momento de la desaparici\u00f3n: Jean ancho gris oscuro con detalles en brillos, remera de manga corta blanca y zapatillas color lila.<\/li>\n<\/ul>\n\n\n\n<p><strong>\u00bfC\u00f3mo ayudar?<\/strong><\/p>\n\n\n\n<p>Si usted tiene informaci\u00f3n ver\u00eddica sobre el paradero de Roc\u00edo o Nahiara, o cree haberlas visto en las \u00faltimas horas, por favor comun\u00edquese de inmediato con el 911 o dir\u00edjase a la dependencia policial m\u00e1s cercana. La difusi\u00f3n de sus im\u00e1genes y datos es vital en estas primeras horas de b\u00fasqueda.<\/p>\n<div class=\"fb-background-color\">\n\t\t\t  <div \n\t\t\t  \tclass = \"fb-comments\" \n\t\t\t  \tdata-href = \"https:\/\/www.elpolitologoyelpolitico.com.ar\/wordpress\/2026\/03\/11\/alerta-buscan-intensamente-a-dos-adolescentes-desaparecidas-en-la-zona-de-calle-irigoyen\/\"\n\t\t\t  \tdata-numposts = \"10\"\n\t\t\t  \tdata-lazy = \"true\"\n\t\t\t\tdata-colorscheme = \"light\"\n\t\t\t\tdata-order-by = \"social\"\n\t\t\t\tdata-mobile=true>\n\t\t\t  <\/div><\/div>\n\t\t  <style>\n\t\t    .fb-background-color {\n\t\t\t\tbackground: #ffffff !important;\n\t\t\t}\n\t\t\t.fb_iframe_widget_fluid_desktop iframe {\n\t\t\t    width: 100% !important;\n\t\t\t}\n\t\t  <\/style>\n\t\t  ","protected":false},"excerpt":{"rendered":"<p>Se ha activado un pedido de paradero urgente para localizar a Roc\u00edo Morena Railef Duarte, de 14 a\u00f1os, y a Nahiara Solange Bertoia Fern\u00e1ndez, de 13 a\u00f1os. Ambas menores fueron vistas por \u00faltima vez ayer, alrededor de las 20:40 horas, en las inmediaciones de la calle Irigoyen al 200. Las autoridades y familiares solicitan la [&hellip;]<\/p>\n","protected":false},"author":4,"featured_media":44216,"comment_status":"closed","ping_status":"closed","sticky":false,"template":"","format":"standard","meta":{"_joinchat":[],"footnotes":""},"categories":[39],"tags":[],"class_list":["post-44215","post","type-post","status-publish","format-standard","has-post-thumbnail","hentry","category-en-esta-seccion"],"_links":{"self":[{"href":"https:\/\/www.elpolitologoyelpolitico.com.ar\/wordpress\/wp-json\/wp\/v2\/posts\/44215","targetHints":{"allow":["GET"]}}],"collection":[{"href":"https:\/\/www.elpolitologoyelpolitico.com.ar\/wordpress\/wp-json\/wp\/v2\/posts"}],"about":[{"href":"https:\/\/www.elpolitologoyelpolitico.com.ar\/wordpress\/wp-json\/wp\/v2\/types\/post"}],"author":[{"embeddable":true,"href":"https:\/\/www.elpolitologoyelpolitico.com.ar\/wordpress\/wp-json\/wp\/v2\/users\/4"}],"replies":[{"embeddable":true,"href":"https:\/\/www.elpolitologoyelpolitico.com.ar\/wordpress\/wp-json\/wp\/v2\/comments?post=44215"}],"version-history":[{"count":1,"href":"https:\/\/www.elpolitologoyelpolitico.com.ar\/wordpress\/wp-json\/wp\/v2\/posts\/44215\/revisions"}],"predecessor-version":[{"id":44217,"href":"https:\/\/www.elpolitologoyelpolitico.com.ar\/wordpress\/wp-json\/wp\/v2\/posts\/44215\/revisions\/44217"}],"wp:featuredmedia":[{"embeddable":true,"href":"https:\/\/www.elpolitologoyelpolitico.com.ar\/wordpress\/wp-json\/wp\/v2\/media\/44216"}],"wp:attachment":[{"href":"https:\/\/www.elpolitologoyelpolitico.com.ar\/wordpress\/wp-json\/wp\/v2\/media?parent=44215"}],"wp:term":[{"taxonomy":"category","embeddable":true,"href":"https:\/\/www.elpolitologoyelpolitico.com.ar\/wordpress\/wp-json\/wp\/v2\/categories?post=44215"},{"taxonomy":"post_tag","embeddable":true,"href":"https:\/\/www.elpolitologoyelpolitico.com.ar\/wordpress\/wp-json\/wp\/v2\/tags?post=44215"}],"curies":[{"name":"wp","href":"https:\/\/api.w.org\/{rel}","templated":true}]}}