{"id":44212,"date":"2026-03-10T22:36:32","date_gmt":"2026-03-11T01:36:32","guid":{"rendered":"https:\/\/www.elpolitologoyelpolitico.com.ar\/wordpress\/?p=44212"},"modified":"2026-03-10T22:36:33","modified_gmt":"2026-03-11T01:36:33","slug":"una-mujer-policia-se-encadeno-frente-a-la-casa-de-gobierno-e-inicio-una-huelga-de-hambre-por-tiempo-indeterminado","status":"publish","type":"post","link":"https:\/\/www.elpolitologoyelpolitico.com.ar\/wordpress\/2026\/03\/10\/una-mujer-policia-se-encadeno-frente-a-la-casa-de-gobierno-e-inicio-una-huelga-de-hambre-por-tiempo-indeterminado\/","title":{"rendered":"Una mujer polic\u00eda se encaden\u00f3 frente a la casa de Gobierno e inici\u00f3 una huelga de hambre por tiempo indeterminado"},"content":{"rendered":"\n<p>La explanada de la Casa de Gobierno se convirti\u00f3 esta ma\u00f1ana en el epicentro de una dr\u00e1stica protesta que ha sacudido el clima pol\u00edtico y de seguridad en la provincia. Una mujer polic\u00eda decidi\u00f3 encadenarse a las rejas del edificio gubernamental e iniciar una huelga de hambre por tiempo indeterminado.<\/p>\n\n\n\n<p>La medida busca visibilizar una crisis que el sector describe como insostenible. A trav\u00e9s de un comunicado oficial difundido por el Consejo de Bienestar Policial y Penitenciario, los manifestantes lanzaron un mensaje contundente: <strong>\u00abSe endurece el reclamo. Que el Gobernador d\u00e9 soluciones\u00bb.<\/strong><\/p>\n\n\n\n<p>La protesta no solo se centra en la crisis econ\u00f3mica que atraviesan los efectivos y retirados de la fuerza, sino que tiene un fuerte componente judicial y pol\u00edtico. Los puntos clave del conflicto son:<\/p>\n\n\n\n<ul class=\"wp-block-list\">\n<li>Situaci\u00f3n Salarial: El gremio denuncia condiciones de \u00abhambre\u00bb y falta de respuestas concretas ante la inflaci\u00f3n.<\/li>\n\n\n\n<li>Libertad para Rub\u00e9n Mu\u00f1oz: La detenci\u00f3n del referente policial ha sido el detonante de esta nueva escalada. Sus compa\u00f1eros califican su situaci\u00f3n como una \u00abpersecuci\u00f3n\u00bb y exigen su liberaci\u00f3n inmediata.<\/li>\n<\/ul>\n\n\n\n<p><strong>\u00abFuerza compa\u00f1era. Todos somos el Consejo de Bienestar Policial y Penitenciario\u00bb<\/strong>, rezan los mensajes de apoyo que circulan en las redes sociales de los efectivos, quienes han convocado a sus pares a sumarse al apoyo frente a la sede gubernamental.<\/p>\n\n\n\n<p>Hasta el momento, las autoridades provinciales no han emitido una respuesta formal ante la radicalizaci\u00f3n de la protesta. Mientras tanto, la salud de la mujer encadenada comienza a ser una preocupaci\u00f3n para quienes se encuentran en el lugar, dada la decisi\u00f3n de no ingerir alimentos hasta obtener una respuesta del Ejecutivo.<\/p>\n\n\n\n<p>El ambiente en la capital rionegrina es de alerta, con un sector policial que se muestra m\u00e1s unido y decidido que en conflictos anteriores, advirtiendo que esta es solo la primera de una serie de medidas que podr\u00edan profundizarse en las pr\u00f3ximas horas.<\/p>\n\n\n\n<figure class=\"wp-block-embed is-type-wp-embed is-provider-el-polit-logo-y-el-pol-tico wp-block-embed-el-polit-logo-y-el-pol-tico\"><div class=\"wp-block-embed__wrapper\">\n<blockquote class=\"wp-embedded-content\" data-secret=\"ZmYNj5kLWi\"><a href=\"https:\/\/www.elpolitologoyelpolitico.com.ar\/wordpress\/2026\/03\/09\/metieron-preso-al-referente-del-consejo-de-bienestar-policial-y-penitenciario-ruben-munoz\/\">Metieron preso al referente del consejo de bienestar policial y penitenciario Rub\u00e9n Mu\u00f1oz<\/a><\/blockquote><iframe class=\"wp-embedded-content\" sandbox=\"allow-scripts\" security=\"restricted\" style=\"position: absolute; visibility: hidden;\" title=\"\u00abMetieron preso al referente del consejo de bienestar policial y penitenciario Rub\u00e9n Mu\u00f1oz\u00bb \u2014 El Polit\u00f3logo y el Pol\u00edtico\" src=\"https:\/\/www.elpolitologoyelpolitico.com.ar\/wordpress\/2026\/03\/09\/metieron-preso-al-referente-del-consejo-de-bienestar-policial-y-penitenciario-ruben-munoz\/embed\/#?secret=NbQzJOmvAr#?secret=ZmYNj5kLWi\" data-secret=\"ZmYNj5kLWi\" width=\"600\" height=\"338\" frameborder=\"0\" marginwidth=\"0\" marginheight=\"0\" scrolling=\"no\"><\/iframe>\n<\/div><\/figure>\n<div class=\"fb-background-color\">\n\t\t\t  <div \n\t\t\t  \tclass = \"fb-comments\" \n\t\t\t  \tdata-href = \"https:\/\/www.elpolitologoyelpolitico.com.ar\/wordpress\/2026\/03\/10\/una-mujer-policia-se-encadeno-frente-a-la-casa-de-gobierno-e-inicio-una-huelga-de-hambre-por-tiempo-indeterminado\/\"\n\t\t\t  \tdata-numposts = \"10\"\n\t\t\t  \tdata-lazy = \"true\"\n\t\t\t\tdata-colorscheme = \"light\"\n\t\t\t\tdata-order-by = \"social\"\n\t\t\t\tdata-mobile=true>\n\t\t\t  <\/div><\/div>\n\t\t  <style>\n\t\t    .fb-background-color {\n\t\t\t\tbackground: #ffffff !important;\n\t\t\t}\n\t\t\t.fb_iframe_widget_fluid_desktop iframe {\n\t\t\t    width: 100% !important;\n\t\t\t}\n\t\t  <\/style>\n\t\t  ","protected":false},"excerpt":{"rendered":"<p>La explanada de la Casa de Gobierno se convirti\u00f3 esta ma\u00f1ana en el epicentro de una dr\u00e1stica protesta que ha sacudido el clima pol\u00edtico y de seguridad en la provincia. Una mujer polic\u00eda decidi\u00f3 encadenarse a las rejas del edificio gubernamental e iniciar una huelga de hambre por tiempo indeterminado. La medida busca visibilizar una [&hellip;]<\/p>\n","protected":false},"author":4,"featured_media":44213,"comment_status":"closed","ping_status":"closed","sticky":false,"template":"","format":"standard","meta":{"_joinchat":[],"footnotes":""},"categories":[39],"tags":[],"class_list":["post-44212","post","type-post","status-publish","format-standard","has-post-thumbnail","hentry","category-en-esta-seccion"],"_links":{"self":[{"href":"https:\/\/www.elpolitologoyelpolitico.com.ar\/wordpress\/wp-json\/wp\/v2\/posts\/44212","targetHints":{"allow":["GET"]}}],"collection":[{"href":"https:\/\/www.elpolitologoyelpolitico.com.ar\/wordpress\/wp-json\/wp\/v2\/posts"}],"about":[{"href":"https:\/\/www.elpolitologoyelpolitico.com.ar\/wordpress\/wp-json\/wp\/v2\/types\/post"}],"author":[{"embeddable":true,"href":"https:\/\/www.elpolitologoyelpolitico.com.ar\/wordpress\/wp-json\/wp\/v2\/users\/4"}],"replies":[{"embeddable":true,"href":"https:\/\/www.elpolitologoyelpolitico.com.ar\/wordpress\/wp-json\/wp\/v2\/comments?post=44212"}],"version-history":[{"count":1,"href":"https:\/\/www.elpolitologoyelpolitico.com.ar\/wordpress\/wp-json\/wp\/v2\/posts\/44212\/revisions"}],"predecessor-version":[{"id":44214,"href":"https:\/\/www.elpolitologoyelpolitico.com.ar\/wordpress\/wp-json\/wp\/v2\/posts\/44212\/revisions\/44214"}],"wp:featuredmedia":[{"embeddable":true,"href":"https:\/\/www.elpolitologoyelpolitico.com.ar\/wordpress\/wp-json\/wp\/v2\/media\/44213"}],"wp:attachment":[{"href":"https:\/\/www.elpolitologoyelpolitico.com.ar\/wordpress\/wp-json\/wp\/v2\/media?parent=44212"}],"wp:term":[{"taxonomy":"category","embeddable":true,"href":"https:\/\/www.elpolitologoyelpolitico.com.ar\/wordpress\/wp-json\/wp\/v2\/categories?post=44212"},{"taxonomy":"post_tag","embeddable":true,"href":"https:\/\/www.elpolitologoyelpolitico.com.ar\/wordpress\/wp-json\/wp\/v2\/tags?post=44212"}],"curies":[{"name":"wp","href":"https:\/\/api.w.org\/{rel}","templated":true}]}}