{"id":44208,"date":"2026-03-10T22:15:00","date_gmt":"2026-03-11T01:15:00","guid":{"rendered":"https:\/\/www.elpolitologoyelpolitico.com.ar\/wordpress\/?p=44208"},"modified":"2026-03-10T22:15:36","modified_gmt":"2026-03-11T01:15:36","slug":"un-poste-esta-a-punto-de-caerse-en-el-barrio-268-viviendas-y-solicitan-al-secretario-de-gobierno-matias-perez-que-intervenga","status":"publish","type":"post","link":"https:\/\/www.elpolitologoyelpolitico.com.ar\/wordpress\/2026\/03\/10\/un-poste-esta-a-punto-de-caerse-en-el-barrio-268-viviendas-y-solicitan-al-secretario-de-gobierno-matias-perez-que-intervenga\/","title":{"rendered":"Un poste esta a punto de caerse en el barrio 268 viviendas y solicit\u00e1n al secretario de gobierno, Mat\u00edas P\u00e9rez, que intervenga"},"content":{"rendered":"\n<p>Enviaron una nota hace dos semanas al secretario de gobierno de Patagones, Mat\u00edas P\u00e9rez, por un poste a punto de caerse en la 268 viviendas.<\/p>\n\n\n\n<p>Uno de los vecinos afirm\u00f3: <strong>\u201cM\u00e1s de 2 semanas y nadie se hace cargo del poste que esta que se cae. O est\u00e1n esperando que pase alguna desgracia. Desde la comisi\u00f3n se hizo la nota y no hubo ninguna respuesta\u201d.<\/strong><\/p>\n\n\n\n<p>Lamentablemente los vecinos permanecen en alerta constante. Atentos del riesgo que implicar\u00eda la ca\u00edda del poste sobre los transe\u00fantes o sobre los veh\u00edculos que transitan por la zona.<\/p>\n\n\n\n<figure class=\"wp-block-image size-full is-resized\"><img fetchpriority=\"high\" decoding=\"async\" width=\"702\" height=\"890\" src=\"https:\/\/www.elpolitologoyelpolitico.com.ar\/wp-content\/uploads\/2026\/03\/WhatsApp-Image-2026-03-10-at-9.15.10-PM.jpeg\" alt=\"\" class=\"wp-image-44210\" style=\"width:375px;height:auto\" srcset=\"https:\/\/www.elpolitologoyelpolitico.com.ar\/wp-content\/uploads\/2026\/03\/WhatsApp-Image-2026-03-10-at-9.15.10-PM.jpeg 702w, https:\/\/www.elpolitologoyelpolitico.com.ar\/wp-content\/uploads\/2026\/03\/WhatsApp-Image-2026-03-10-at-9.15.10-PM-237x300.jpeg 237w\" sizes=\"(max-width: 702px) 100vw, 702px\" \/><\/figure>\n<div class=\"fb-background-color\">\n\t\t\t  <div \n\t\t\t  \tclass = \"fb-comments\" \n\t\t\t  \tdata-href = \"https:\/\/www.elpolitologoyelpolitico.com.ar\/wordpress\/2026\/03\/10\/un-poste-esta-a-punto-de-caerse-en-el-barrio-268-viviendas-y-solicitan-al-secretario-de-gobierno-matias-perez-que-intervenga\/\"\n\t\t\t  \tdata-numposts = \"10\"\n\t\t\t  \tdata-lazy = \"true\"\n\t\t\t\tdata-colorscheme = \"light\"\n\t\t\t\tdata-order-by = \"social\"\n\t\t\t\tdata-mobile=true>\n\t\t\t  <\/div><\/div>\n\t\t  <style>\n\t\t    .fb-background-color {\n\t\t\t\tbackground: #ffffff !important;\n\t\t\t}\n\t\t\t.fb_iframe_widget_fluid_desktop iframe {\n\t\t\t    width: 100% !important;\n\t\t\t}\n\t\t  <\/style>\n\t\t  ","protected":false},"excerpt":{"rendered":"<p>Enviaron una nota hace dos semanas al secretario de gobierno de Patagones, Mat\u00edas P\u00e9rez, por un poste a punto de caerse en la 268 viviendas. Uno de los vecinos afirm\u00f3: \u201cM\u00e1s de 2 semanas y nadie se hace cargo del poste que esta que se cae. O est\u00e1n esperando que pase alguna desgracia. Desde la [&hellip;]<\/p>\n","protected":false},"author":4,"featured_media":44209,"comment_status":"closed","ping_status":"closed","sticky":false,"template":"","format":"standard","meta":{"_joinchat":[],"footnotes":""},"categories":[39],"tags":[],"class_list":["post-44208","post","type-post","status-publish","format-standard","has-post-thumbnail","hentry","category-en-esta-seccion"],"_links":{"self":[{"href":"https:\/\/www.elpolitologoyelpolitico.com.ar\/wordpress\/wp-json\/wp\/v2\/posts\/44208","targetHints":{"allow":["GET"]}}],"collection":[{"href":"https:\/\/www.elpolitologoyelpolitico.com.ar\/wordpress\/wp-json\/wp\/v2\/posts"}],"about":[{"href":"https:\/\/www.elpolitologoyelpolitico.com.ar\/wordpress\/wp-json\/wp\/v2\/types\/post"}],"author":[{"embeddable":true,"href":"https:\/\/www.elpolitologoyelpolitico.com.ar\/wordpress\/wp-json\/wp\/v2\/users\/4"}],"replies":[{"embeddable":true,"href":"https:\/\/www.elpolitologoyelpolitico.com.ar\/wordpress\/wp-json\/wp\/v2\/comments?post=44208"}],"version-history":[{"count":1,"href":"https:\/\/www.elpolitologoyelpolitico.com.ar\/wordpress\/wp-json\/wp\/v2\/posts\/44208\/revisions"}],"predecessor-version":[{"id":44211,"href":"https:\/\/www.elpolitologoyelpolitico.com.ar\/wordpress\/wp-json\/wp\/v2\/posts\/44208\/revisions\/44211"}],"wp:featuredmedia":[{"embeddable":true,"href":"https:\/\/www.elpolitologoyelpolitico.com.ar\/wordpress\/wp-json\/wp\/v2\/media\/44209"}],"wp:attachment":[{"href":"https:\/\/www.elpolitologoyelpolitico.com.ar\/wordpress\/wp-json\/wp\/v2\/media?parent=44208"}],"wp:term":[{"taxonomy":"category","embeddable":true,"href":"https:\/\/www.elpolitologoyelpolitico.com.ar\/wordpress\/wp-json\/wp\/v2\/categories?post=44208"},{"taxonomy":"post_tag","embeddable":true,"href":"https:\/\/www.elpolitologoyelpolitico.com.ar\/wordpress\/wp-json\/wp\/v2\/tags?post=44208"}],"curies":[{"name":"wp","href":"https:\/\/api.w.org\/{rel}","templated":true}]}}