{"id":44204,"date":"2026-03-10T18:42:06","date_gmt":"2026-03-10T21:42:06","guid":{"rendered":"https:\/\/www.elpolitologoyelpolitico.com.ar\/wordpress\/?p=44204"},"modified":"2026-03-10T18:45:39","modified_gmt":"2026-03-10T21:45:39","slug":"tragedia-en-general-roca-quien-era-el-operario-que-murio-en-el-derrumbe-de-una-obra-cloacal","status":"publish","type":"post","link":"https:\/\/www.elpolitologoyelpolitico.com.ar\/wordpress\/2026\/03\/10\/tragedia-en-general-roca-quien-era-el-operario-que-murio-en-el-derrumbe-de-una-obra-cloacal\/","title":{"rendered":"Tragedia en General Roca: qui\u00e9n era el operario que muri\u00f3 en el derrumbe de una obra cloacal"},"content":{"rendered":"\n<p>La jornada del lunes en General Roca se ti\u00f1\u00f3 de luto tras confirmarse el fallecimiento de uno de los operarios que result\u00f3 sepultado durante un derrumbe en una obra cloacal. La v\u00edctima fue identificada como Hugo Ariel Breppe, un trabajador de 49 a\u00f1os, vecino de la ciudad y padre de familia, cuya muerte ha generado un profundo dolor y un firme reclamo de justicia por parte de sus allegados.<\/p>\n\n\n\n<p>El accidente ocurri\u00f3 despu\u00e9s del mediod\u00eda en el sector del Canal Grande, a metros de la calle Mendoza. Seg\u00fan las primeras informaciones, una pared de la zanja donde se realizaban las tareas de excavaci\u00f3n cedi\u00f3 repentinamente, atrapando a los trabajadores bajo una mezcla de tierra y piedras.<\/p>\n\n\n\n<p>Mientras que dos de sus compa\u00f1eros lograron ser rescatados casi de inmediato, Breppe qued\u00f3 atrapado por aproximadamente 20 minutos. Tras un intenso operativo de los Bomberos Voluntarios y personal policial, fue retirado de la excavaci\u00f3n y trasladado de urgencia al hospital Francisco L\u00f3pez Lima. A pesar de los esfuerzos del personal m\u00e9dico, que realiz\u00f3 maniobras de reanimaci\u00f3n durante 45 minutos, el trabajador falleci\u00f3 a causa de las graves lesiones sufridas.<\/p>\n\n\n\n<p>Tras el deceso, el Ministerio P\u00fablico Fiscal tom\u00f3 intervenci\u00f3n en el caso. La fiscal Jessica Gonz\u00e1lez orden\u00f3 la realizaci\u00f3n de una autopsia para determinar fehacientemente las causas de la muerte, mientras que personal de Criminal\u00edstica trabaj\u00f3 en el lugar del siniestro para realizar las pericias correspondientes.<\/p>\n\n\n\n<p>La obra, que forma parte de la ampliaci\u00f3n del sistema de desag\u00fces cloacales y es ejecutada por una empresa privada bajo \u00f3rbita nacional, qued\u00f3 bajo la lupa. Desde el municipio local aclararon que no tienen jurisdicci\u00f3n sobre el proyecto, mientras que la empresa contratista y los organismos responsables deber\u00e1n dar cuenta de las medidas de seguridad vigentes al momento del desmoronamiento.<\/p>\n\n\n\n<p>En redes sociales, la despedida de sus hijos conmovi\u00f3 a los vecinos de Roca. Luna, una de las hijas de la v\u00edctima, expres\u00f3 su dolor con un mensaje directo: <strong>\u201cDescansa en paz, p\u00e1. Que tu muerte no quede en la nada y las personas responsables paguen por esto. Te amo y te llevo en mi coraz\u00f3n para siempre\u201d.<\/strong><\/p>\n\n\n\n<p>La comunidad espera ahora los resultados de las pericias t\u00e9cnicas para entender si el derrumbe (que ocurri\u00f3 tras las recientes tormentas en la zona) pudo haber sido evitado y si exist\u00edan las condiciones de seguridad necesarias para proteger la vida de los trabajadores en la trinchera.<\/p>\n<div class=\"fb-background-color\">\n\t\t\t  <div \n\t\t\t  \tclass = \"fb-comments\" \n\t\t\t  \tdata-href = \"https:\/\/www.elpolitologoyelpolitico.com.ar\/wordpress\/2026\/03\/10\/tragedia-en-general-roca-quien-era-el-operario-que-murio-en-el-derrumbe-de-una-obra-cloacal\/\"\n\t\t\t  \tdata-numposts = \"10\"\n\t\t\t  \tdata-lazy = \"true\"\n\t\t\t\tdata-colorscheme = \"light\"\n\t\t\t\tdata-order-by = \"social\"\n\t\t\t\tdata-mobile=true>\n\t\t\t  <\/div><\/div>\n\t\t  <style>\n\t\t    .fb-background-color {\n\t\t\t\tbackground: #ffffff !important;\n\t\t\t}\n\t\t\t.fb_iframe_widget_fluid_desktop iframe {\n\t\t\t    width: 100% !important;\n\t\t\t}\n\t\t  <\/style>\n\t\t  ","protected":false},"excerpt":{"rendered":"<p>La jornada del lunes en General Roca se ti\u00f1\u00f3 de luto tras confirmarse el fallecimiento de uno de los operarios que result\u00f3 sepultado durante un derrumbe en una obra cloacal. La v\u00edctima fue identificada como Hugo Ariel Breppe, un trabajador de 49 a\u00f1os, vecino de la ciudad y padre de familia, cuya muerte ha generado [&hellip;]<\/p>\n","protected":false},"author":4,"featured_media":44207,"comment_status":"closed","ping_status":"closed","sticky":false,"template":"","format":"standard","meta":{"_joinchat":[],"footnotes":""},"categories":[39],"tags":[],"class_list":["post-44204","post","type-post","status-publish","format-standard","has-post-thumbnail","hentry","category-en-esta-seccion"],"_links":{"self":[{"href":"https:\/\/www.elpolitologoyelpolitico.com.ar\/wordpress\/wp-json\/wp\/v2\/posts\/44204","targetHints":{"allow":["GET"]}}],"collection":[{"href":"https:\/\/www.elpolitologoyelpolitico.com.ar\/wordpress\/wp-json\/wp\/v2\/posts"}],"about":[{"href":"https:\/\/www.elpolitologoyelpolitico.com.ar\/wordpress\/wp-json\/wp\/v2\/types\/post"}],"author":[{"embeddable":true,"href":"https:\/\/www.elpolitologoyelpolitico.com.ar\/wordpress\/wp-json\/wp\/v2\/users\/4"}],"replies":[{"embeddable":true,"href":"https:\/\/www.elpolitologoyelpolitico.com.ar\/wordpress\/wp-json\/wp\/v2\/comments?post=44204"}],"version-history":[{"count":1,"href":"https:\/\/www.elpolitologoyelpolitico.com.ar\/wordpress\/wp-json\/wp\/v2\/posts\/44204\/revisions"}],"predecessor-version":[{"id":44206,"href":"https:\/\/www.elpolitologoyelpolitico.com.ar\/wordpress\/wp-json\/wp\/v2\/posts\/44204\/revisions\/44206"}],"wp:featuredmedia":[{"embeddable":true,"href":"https:\/\/www.elpolitologoyelpolitico.com.ar\/wordpress\/wp-json\/wp\/v2\/media\/44207"}],"wp:attachment":[{"href":"https:\/\/www.elpolitologoyelpolitico.com.ar\/wordpress\/wp-json\/wp\/v2\/media?parent=44204"}],"wp:term":[{"taxonomy":"category","embeddable":true,"href":"https:\/\/www.elpolitologoyelpolitico.com.ar\/wordpress\/wp-json\/wp\/v2\/categories?post=44204"},{"taxonomy":"post_tag","embeddable":true,"href":"https:\/\/www.elpolitologoyelpolitico.com.ar\/wordpress\/wp-json\/wp\/v2\/tags?post=44204"}],"curies":[{"name":"wp","href":"https:\/\/api.w.org\/{rel}","templated":true}]}}