{"id":44201,"date":"2026-03-10T15:43:04","date_gmt":"2026-03-10T18:43:04","guid":{"rendered":"https:\/\/www.elpolitologoyelpolitico.com.ar\/wordpress\/?p=44201"},"modified":"2026-03-10T15:43:05","modified_gmt":"2026-03-10T18:43:05","slug":"caso-viedma-imputan-por-hurto-a-los-dos-hombres-que-acompanaban-a-la-victima-tras-la-desaparicion-del-arma","status":"publish","type":"post","link":"https:\/\/www.elpolitologoyelpolitico.com.ar\/wordpress\/2026\/03\/10\/caso-viedma-imputan-por-hurto-a-los-dos-hombres-que-acompanaban-a-la-victima-tras-la-desaparicion-del-arma\/","title":{"rendered":"Caso Viedma: Imputan por hurto a los dos hombres que acompa\u00f1aban a la v\u00edctima tras la desaparici\u00f3n del arma"},"content":{"rendered":"\n<p>La investigaci\u00f3n por la muerte de un joven de 35 a\u00f1os, ocurrida el pasado domingo en un departamento del barrio Guido, dio un giro procesal este martes. El Ministerio P\u00fablico Fiscal imput\u00f3 formalmente a Facundo Arias y Alexis Mart\u00edn N\u00fa\u00f1ez por el delito de hurto, vincul\u00e1ndolos directamente con la misteriosa desaparici\u00f3n del arma de fuego involucrada en el hecho.<\/p>\n\n\n\n<p>Durante la audiencia de formulaci\u00f3n de cargos, la fiscal Mariana Giamona detall\u00f3 que ambos hombres se encontraban presentes en la vivienda al momento de escucharse la detonaci\u00f3n. Seg\u00fan el relato de los vecinos, tras el disparo se oyeron gritos de desesperaci\u00f3n. Al arribar los primeros efectivos policiales, hallaron a los imputados en un estado de gran alteraci\u00f3n emocional; incluso uno de ellos abrazaba el cuerpo de la v\u00edctima mientras lloraba.<\/p>\n\n\n\n<p>Sin embargo, la actitud inicial de los sujetos contrasta con un dato clave para la causa: el arma de fuego desapareci\u00f3 de la escena. A pesar de los rastrillajes realizados en el interior del departamento y en las zonas aleda\u00f1as al complejo habitacional, los investigadores no lograron dar con el dispositivo.<\/p>\n\n\n\n<p>El informe forense confirm\u00f3 que el joven muri\u00f3 a causa de un \u00fanico disparo que ingres\u00f3 por la zona del ment\u00f3n y present\u00f3 orificio de salida. Las revisiones m\u00e9dicas realizadas a Arias y N\u00fa\u00f1ez descartaron que presentaran lesiones f\u00edsicas, y la inspecci\u00f3n del cad\u00e1ver no revel\u00f3 signos de lucha o defensa, lo que a\u00f1ade complejidad a la reconstrucci\u00f3n de los \u00faltimos minutos de la v\u00edctima.<\/p>\n\n\n\n<p>La fiscal\u00eda orden\u00f3 la toma de muestras para estudios de residuos de disparo y an\u00e1lisis toxicol\u00f3gicos, resultados que ser\u00e1n determinantes para establecer qui\u00e9n accion\u00f3 el gatillo.<\/p>\n\n\n\n<p>El juez de garant\u00edas Guillermo Mart\u00edn Gonz\u00e1lez Sacco dio por formulados los cargos por hurto, entendiendo que existen indicios suficientes para investigar la responsabilidad de los acompa\u00f1antes en el ocultamiento de la prueba principal. Por el momento, la justicia busca determinar si el hecho se trat\u00f3 de un homicidio, un accidente o un suicidio, aunque la sustracci\u00f3n del arma complica la situaci\u00f3n procesal de los ahora imputados.<\/p>\n\n\n\n<p>La causa contin\u00faa bajo secreto de sumario parcial mientras se esperan las pericias de laboratorio y se intenta dar con el paradero del arma desaparecida. Seguiremos informando.<\/p>\n<div class=\"fb-background-color\">\n\t\t\t  <div \n\t\t\t  \tclass = \"fb-comments\" \n\t\t\t  \tdata-href = \"https:\/\/www.elpolitologoyelpolitico.com.ar\/wordpress\/2026\/03\/10\/caso-viedma-imputan-por-hurto-a-los-dos-hombres-que-acompanaban-a-la-victima-tras-la-desaparicion-del-arma\/\"\n\t\t\t  \tdata-numposts = \"10\"\n\t\t\t  \tdata-lazy = \"true\"\n\t\t\t\tdata-colorscheme = \"light\"\n\t\t\t\tdata-order-by = \"social\"\n\t\t\t\tdata-mobile=true>\n\t\t\t  <\/div><\/div>\n\t\t  <style>\n\t\t    .fb-background-color {\n\t\t\t\tbackground: #ffffff !important;\n\t\t\t}\n\t\t\t.fb_iframe_widget_fluid_desktop iframe {\n\t\t\t    width: 100% !important;\n\t\t\t}\n\t\t  <\/style>\n\t\t  ","protected":false},"excerpt":{"rendered":"<p>La investigaci\u00f3n por la muerte de un joven de 35 a\u00f1os, ocurrida el pasado domingo en un departamento del barrio Guido, dio un giro procesal este martes. El Ministerio P\u00fablico Fiscal imput\u00f3 formalmente a Facundo Arias y Alexis Mart\u00edn N\u00fa\u00f1ez por el delito de hurto, vincul\u00e1ndolos directamente con la misteriosa desaparici\u00f3n del arma de fuego [&hellip;]<\/p>\n","protected":false},"author":4,"featured_media":44202,"comment_status":"closed","ping_status":"closed","sticky":false,"template":"","format":"standard","meta":{"_joinchat":[],"footnotes":""},"categories":[39],"tags":[],"class_list":["post-44201","post","type-post","status-publish","format-standard","has-post-thumbnail","hentry","category-en-esta-seccion"],"_links":{"self":[{"href":"https:\/\/www.elpolitologoyelpolitico.com.ar\/wordpress\/wp-json\/wp\/v2\/posts\/44201","targetHints":{"allow":["GET"]}}],"collection":[{"href":"https:\/\/www.elpolitologoyelpolitico.com.ar\/wordpress\/wp-json\/wp\/v2\/posts"}],"about":[{"href":"https:\/\/www.elpolitologoyelpolitico.com.ar\/wordpress\/wp-json\/wp\/v2\/types\/post"}],"author":[{"embeddable":true,"href":"https:\/\/www.elpolitologoyelpolitico.com.ar\/wordpress\/wp-json\/wp\/v2\/users\/4"}],"replies":[{"embeddable":true,"href":"https:\/\/www.elpolitologoyelpolitico.com.ar\/wordpress\/wp-json\/wp\/v2\/comments?post=44201"}],"version-history":[{"count":1,"href":"https:\/\/www.elpolitologoyelpolitico.com.ar\/wordpress\/wp-json\/wp\/v2\/posts\/44201\/revisions"}],"predecessor-version":[{"id":44203,"href":"https:\/\/www.elpolitologoyelpolitico.com.ar\/wordpress\/wp-json\/wp\/v2\/posts\/44201\/revisions\/44203"}],"wp:featuredmedia":[{"embeddable":true,"href":"https:\/\/www.elpolitologoyelpolitico.com.ar\/wordpress\/wp-json\/wp\/v2\/media\/44202"}],"wp:attachment":[{"href":"https:\/\/www.elpolitologoyelpolitico.com.ar\/wordpress\/wp-json\/wp\/v2\/media?parent=44201"}],"wp:term":[{"taxonomy":"category","embeddable":true,"href":"https:\/\/www.elpolitologoyelpolitico.com.ar\/wordpress\/wp-json\/wp\/v2\/categories?post=44201"},{"taxonomy":"post_tag","embeddable":true,"href":"https:\/\/www.elpolitologoyelpolitico.com.ar\/wordpress\/wp-json\/wp\/v2\/tags?post=44201"}],"curies":[{"name":"wp","href":"https:\/\/api.w.org\/{rel}","templated":true}]}}