{"id":44198,"date":"2026-03-10T09:39:34","date_gmt":"2026-03-10T12:39:34","guid":{"rendered":"https:\/\/www.elpolitologoyelpolitico.com.ar\/wordpress\/?p=44198"},"modified":"2026-03-10T09:39:35","modified_gmt":"2026-03-10T12:39:35","slug":"vecinos-reclaman-por-la-cantidad-de-basura-que-quedo-en-el-predio-del-ferrocarril-luego-de-la-fiesta-de-la-soberania-patagonica","status":"publish","type":"post","link":"https:\/\/www.elpolitologoyelpolitico.com.ar\/wordpress\/2026\/03\/10\/vecinos-reclaman-por-la-cantidad-de-basura-que-quedo-en-el-predio-del-ferrocarril-luego-de-la-fiesta-de-la-soberania-patagonica\/","title":{"rendered":"Vecinos reclaman por la cantidad de basura que qued\u00f3 en el predio del ferrocarril luego de la Fiesta de la Soberania Patag\u00f3nica"},"content":{"rendered":"\n<p>La edici\u00f3n de este a\u00f1o de la Fiesta de la Soberan\u00eda Patag\u00f3nica dej\u00f3 un sabor amargo entre los residentes de la zona. Lo que queda a la vista es una realidad preocupante: toneladas de residuos desparramados por todo el predio del Ferrocarril.<\/p>\n\n\n\n<p>Las im\u00e1genes no tardaron en circular por redes sociales y grupos de WhatsApp. All\u00ed se observa un paisaje desolador de bolsas pl\u00e1sticas, restos de comida, botellas y descartables que cubren el suelo donde hace apenas horas circulaban miles de personas.<\/p>\n\n\n\n<p><strong>\u00abEs una verg\u00fcenza ver el predio as\u00ed. Ojal\u00e1 alguien tome cartas en el asunto y nos d\u00e9 una soluci\u00f3n\u00bb<\/strong>, exclam\u00f3 el vecino en la grabaci\u00f3n, reflejando el sentimiento de muchos maragatos que sienten que el patrimonio p\u00fablico no fue debidamente resguardado.<\/p>\n\n\n\n<p>El malestar de los vecinos no es solo por la basura en s\u00ed, sino por la falta de previsi\u00f3n en los operativos de higiene urbana. Los residentes aseguran que el municipio deber\u00eda haber garantizado una limpieza inmediata para evitar que el viento patag\u00f3nico disperse los desechos hacia las viviendas linderas.<\/p>\n\n\n\n<p>Hasta el momento, las autoridades municipales no han emitido un comunicado oficial sobre cu\u00e1ndo se completar\u00e1 el saneamiento total del \u00e1rea, mientras el reclamo por un Patagones limpio crece entre quienes conviven diariamente con el predio.<\/p>\n<div class=\"fb-background-color\">\n\t\t\t  <div \n\t\t\t  \tclass = \"fb-comments\" \n\t\t\t  \tdata-href = \"https:\/\/www.elpolitologoyelpolitico.com.ar\/wordpress\/2026\/03\/10\/vecinos-reclaman-por-la-cantidad-de-basura-que-quedo-en-el-predio-del-ferrocarril-luego-de-la-fiesta-de-la-soberania-patagonica\/\"\n\t\t\t  \tdata-numposts = \"10\"\n\t\t\t  \tdata-lazy = \"true\"\n\t\t\t\tdata-colorscheme = \"light\"\n\t\t\t\tdata-order-by = \"social\"\n\t\t\t\tdata-mobile=true>\n\t\t\t  <\/div><\/div>\n\t\t  <style>\n\t\t    .fb-background-color {\n\t\t\t\tbackground: #ffffff !important;\n\t\t\t}\n\t\t\t.fb_iframe_widget_fluid_desktop iframe {\n\t\t\t    width: 100% !important;\n\t\t\t}\n\t\t  <\/style>\n\t\t  ","protected":false},"excerpt":{"rendered":"<p>La edici\u00f3n de este a\u00f1o de la Fiesta de la Soberan\u00eda Patag\u00f3nica dej\u00f3 un sabor amargo entre los residentes de la zona. Lo que queda a la vista es una realidad preocupante: toneladas de residuos desparramados por todo el predio del Ferrocarril. Las im\u00e1genes no tardaron en circular por redes sociales y grupos de WhatsApp. [&hellip;]<\/p>\n","protected":false},"author":4,"featured_media":44199,"comment_status":"closed","ping_status":"closed","sticky":false,"template":"","format":"standard","meta":{"_joinchat":[],"footnotes":""},"categories":[39],"tags":[],"class_list":["post-44198","post","type-post","status-publish","format-standard","has-post-thumbnail","hentry","category-en-esta-seccion"],"_links":{"self":[{"href":"https:\/\/www.elpolitologoyelpolitico.com.ar\/wordpress\/wp-json\/wp\/v2\/posts\/44198","targetHints":{"allow":["GET"]}}],"collection":[{"href":"https:\/\/www.elpolitologoyelpolitico.com.ar\/wordpress\/wp-json\/wp\/v2\/posts"}],"about":[{"href":"https:\/\/www.elpolitologoyelpolitico.com.ar\/wordpress\/wp-json\/wp\/v2\/types\/post"}],"author":[{"embeddable":true,"href":"https:\/\/www.elpolitologoyelpolitico.com.ar\/wordpress\/wp-json\/wp\/v2\/users\/4"}],"replies":[{"embeddable":true,"href":"https:\/\/www.elpolitologoyelpolitico.com.ar\/wordpress\/wp-json\/wp\/v2\/comments?post=44198"}],"version-history":[{"count":1,"href":"https:\/\/www.elpolitologoyelpolitico.com.ar\/wordpress\/wp-json\/wp\/v2\/posts\/44198\/revisions"}],"predecessor-version":[{"id":44200,"href":"https:\/\/www.elpolitologoyelpolitico.com.ar\/wordpress\/wp-json\/wp\/v2\/posts\/44198\/revisions\/44200"}],"wp:featuredmedia":[{"embeddable":true,"href":"https:\/\/www.elpolitologoyelpolitico.com.ar\/wordpress\/wp-json\/wp\/v2\/media\/44199"}],"wp:attachment":[{"href":"https:\/\/www.elpolitologoyelpolitico.com.ar\/wordpress\/wp-json\/wp\/v2\/media?parent=44198"}],"wp:term":[{"taxonomy":"category","embeddable":true,"href":"https:\/\/www.elpolitologoyelpolitico.com.ar\/wordpress\/wp-json\/wp\/v2\/categories?post=44198"},{"taxonomy":"post_tag","embeddable":true,"href":"https:\/\/www.elpolitologoyelpolitico.com.ar\/wordpress\/wp-json\/wp\/v2\/tags?post=44198"}],"curies":[{"name":"wp","href":"https:\/\/api.w.org\/{rel}","templated":true}]}}