{"id":44191,"date":"2026-03-09T18:25:54","date_gmt":"2026-03-09T21:25:54","guid":{"rendered":"https:\/\/www.elpolitologoyelpolitico.com.ar\/wordpress\/?p=44191"},"modified":"2026-03-09T18:29:13","modified_gmt":"2026-03-09T21:29:13","slug":"metieron-preso-al-referente-del-consejo-de-bienestar-policial-y-penitenciario-ruben-munoz","status":"publish","type":"post","link":"https:\/\/www.elpolitologoyelpolitico.com.ar\/wordpress\/2026\/03\/09\/metieron-preso-al-referente-del-consejo-de-bienestar-policial-y-penitenciario-ruben-munoz\/","title":{"rendered":"Metieron preso al referente del consejo de bienestar policial y penitenciario Rub\u00e9n Mu\u00f1oz"},"content":{"rendered":"\n<p>En una jornada marcada por la controversia y acusaciones de persecuci\u00f3n pol\u00edtica, la Justicia de R\u00edo Negro orden\u00f3 la detenci\u00f3n efectiva de <strong>Rub\u00e9n Mu\u00f1oz<\/strong>, principal referente del Consejo de Bienestar Policial. La medida se dio tras la revocaci\u00f3n de una condena previa de ejecuci\u00f3n condicional, transform\u00e1ndola en una pena de cumplimiento efectivo.<\/p>\n\n\n\n<p>Antes de ser trasladado por las fuerzas de seguridad, Mu\u00f1oz brind\u00f3 declaraciones donde apunt\u00f3 directamente contra el Poder Ejecutivo provincial. Seg\u00fan el dirigente, su detenci\u00f3n es una represalia por encabezar las recientes protestas salariales del sector policial.<\/p>\n\n\n\n<p><strong>\u00abEsto es producto de haber confrontado; es una orden directa del gobernador Alberto Weretilneck. Se sinti\u00f3 muy ofendido por el reclamo de los polic\u00edas\u00bb<\/strong>, afirm\u00f3 Mu\u00f1oz minutos antes de presentarse ante el juez.<\/p>\n\n\n\n<p>El dirigente denunci\u00f3 una falta de independencia del Poder Judicial, alegando una convivencia con el Gobierno para desarticular la lucha gremial. <strong>\u00abMandan a detener a una persona por el solo hecho de reclamar lo que le corresponde a los polic\u00edas. Lejos de solucionar el problema de la familia policial, pretenden callarnos a trav\u00e9s de la detenci\u00f3n de su dirigente\u00bb<\/strong>, sentenci\u00f3.<\/p>\n\n\n\n<p>Por su parte, la defensa t\u00e9cnica de Mu\u00f1oz explic\u00f3 los pormenores jur\u00eddicos que derivaron en su arresto. El abogado del Consejo de Bienestar Policial confirm\u00f3 que la situaci\u00f3n procesal de su defendido cambi\u00f3 radicalmente debido a una condena anterior por amenazas que se encontraba en suspenso.<\/p>\n\n\n\n<p>Seg\u00fan el letrado, la justicia consider\u00f3 que el accionar de Mu\u00f1oz configur\u00f3 un incumplimiento de las condiciones de su libertad. Al revocarse la condicionalidad, los tres a\u00f1os de prisi\u00f3n se hicieron efectivos de manera inmediata.<\/p>\n\n\n\n<p>Tras el traslado de Mu\u00f1oz, el clima de malestar en las fuerzas de seguridad se ha intensificado. En su mensaje final, el dirigente inst\u00f3 a los efectivos de la provincia a no abandonar el reclamo: <strong>\u00abNo podemos aceptar tama\u00f1o ataque hacia nuestra lucha que es leg\u00edtima. Nos estamos muriendo de hambre\u00bb.<\/strong><\/p>\n\n\n\n<p>Se espera que en las pr\u00f3ximas horas diversas delegaciones policiales y familiares de efectivos se manifiesten en distintos puntos de la provincia para exigir la liberaci\u00f3n de su representante y una respuesta concreta al conflicto salarial que atraviesa la instituci\u00f3n.<\/p>\n\n\n\n<p><\/p>\n<div class=\"fb-background-color\">\n\t\t\t  <div \n\t\t\t  \tclass = \"fb-comments\" \n\t\t\t  \tdata-href = \"https:\/\/www.elpolitologoyelpolitico.com.ar\/wordpress\/2026\/03\/09\/metieron-preso-al-referente-del-consejo-de-bienestar-policial-y-penitenciario-ruben-munoz\/\"\n\t\t\t  \tdata-numposts = \"10\"\n\t\t\t  \tdata-lazy = \"true\"\n\t\t\t\tdata-colorscheme = \"light\"\n\t\t\t\tdata-order-by = \"social\"\n\t\t\t\tdata-mobile=true>\n\t\t\t  <\/div><\/div>\n\t\t  <style>\n\t\t    .fb-background-color {\n\t\t\t\tbackground: #ffffff !important;\n\t\t\t}\n\t\t\t.fb_iframe_widget_fluid_desktop iframe {\n\t\t\t    width: 100% !important;\n\t\t\t}\n\t\t  <\/style>\n\t\t  ","protected":false},"excerpt":{"rendered":"<p>En una jornada marcada por la controversia y acusaciones de persecuci\u00f3n pol\u00edtica, la Justicia de R\u00edo Negro orden\u00f3 la detenci\u00f3n efectiva de Rub\u00e9n Mu\u00f1oz, principal referente del Consejo de Bienestar Policial. La medida se dio tras la revocaci\u00f3n de una condena previa de ejecuci\u00f3n condicional, transform\u00e1ndola en una pena de cumplimiento efectivo. Antes de ser [&hellip;]<\/p>\n","protected":false},"author":4,"featured_media":44196,"comment_status":"closed","ping_status":"closed","sticky":false,"template":"","format":"standard","meta":{"_joinchat":[],"footnotes":""},"categories":[39],"tags":[],"class_list":["post-44191","post","type-post","status-publish","format-standard","has-post-thumbnail","hentry","category-en-esta-seccion"],"_links":{"self":[{"href":"https:\/\/www.elpolitologoyelpolitico.com.ar\/wordpress\/wp-json\/wp\/v2\/posts\/44191","targetHints":{"allow":["GET"]}}],"collection":[{"href":"https:\/\/www.elpolitologoyelpolitico.com.ar\/wordpress\/wp-json\/wp\/v2\/posts"}],"about":[{"href":"https:\/\/www.elpolitologoyelpolitico.com.ar\/wordpress\/wp-json\/wp\/v2\/types\/post"}],"author":[{"embeddable":true,"href":"https:\/\/www.elpolitologoyelpolitico.com.ar\/wordpress\/wp-json\/wp\/v2\/users\/4"}],"replies":[{"embeddable":true,"href":"https:\/\/www.elpolitologoyelpolitico.com.ar\/wordpress\/wp-json\/wp\/v2\/comments?post=44191"}],"version-history":[{"count":2,"href":"https:\/\/www.elpolitologoyelpolitico.com.ar\/wordpress\/wp-json\/wp\/v2\/posts\/44191\/revisions"}],"predecessor-version":[{"id":44197,"href":"https:\/\/www.elpolitologoyelpolitico.com.ar\/wordpress\/wp-json\/wp\/v2\/posts\/44191\/revisions\/44197"}],"wp:featuredmedia":[{"embeddable":true,"href":"https:\/\/www.elpolitologoyelpolitico.com.ar\/wordpress\/wp-json\/wp\/v2\/media\/44196"}],"wp:attachment":[{"href":"https:\/\/www.elpolitologoyelpolitico.com.ar\/wordpress\/wp-json\/wp\/v2\/media?parent=44191"}],"wp:term":[{"taxonomy":"category","embeddable":true,"href":"https:\/\/www.elpolitologoyelpolitico.com.ar\/wordpress\/wp-json\/wp\/v2\/categories?post=44191"},{"taxonomy":"post_tag","embeddable":true,"href":"https:\/\/www.elpolitologoyelpolitico.com.ar\/wordpress\/wp-json\/wp\/v2\/tags?post=44191"}],"curies":[{"name":"wp","href":"https:\/\/api.w.org\/{rel}","templated":true}]}}