{"id":44186,"date":"2026-03-09T11:07:57","date_gmt":"2026-03-09T14:07:57","guid":{"rendered":"https:\/\/www.elpolitologoyelpolitico.com.ar\/wordpress\/?p=44186"},"modified":"2026-03-09T11:07:58","modified_gmt":"2026-03-09T14:07:58","slug":"cipolletti-el-gobernador-alberto-weretilneck-se-enfrento-con-policias-retirados-en-plena-carrera","status":"publish","type":"post","link":"https:\/\/www.elpolitologoyelpolitico.com.ar\/wordpress\/2026\/03\/09\/cipolletti-el-gobernador-alberto-weretilneck-se-enfrento-con-policias-retirados-en-plena-carrera\/","title":{"rendered":"CIPOLLETTI: El gobernador Alberto Weretilneck se enfrent\u00f3 con polic\u00edas retirados en plena carrera"},"content":{"rendered":"\n<p>Lo que deb\u00eda ser una jornada deportiva se transform\u00f3 en un escenario de reclamos y reproches cruzados. El gobernador de R\u00edo Negro, Alberto Weretilneck, protagoniz\u00f3 una bochornosa confrontaci\u00f3n con un grupo de polic\u00edas retirados que se acercaron pac\u00edficamente para manifestar su descontento por la situaci\u00f3n salarial y previsional del sector.<\/p>\n\n\n\n<p>El conflicto escal\u00f3 cuando el mandatario provincial, visiblemente molesto por la interrupci\u00f3n en plena carrera, lanz\u00f3 una frase que cal\u00f3 hondo en el sector: <strong>\u00abAnd\u00e1 a hacer pol\u00edtica a otra parte\u00bb<\/strong>. La expresi\u00f3n buscaba deslegitimar el reclamo al encasillarlo como una maniobra partidaria, pero la respuesta no se hizo esperar.<\/p>\n\n\n\n<p>A trav\u00e9s de un comunicado del Consejo de Bienestar Policial y Penitenciario de R\u00edo Negro, los referentes de los retirados emitieron una dura respuesta, cuestionando la visi\u00f3n del gobernador sobre la participaci\u00f3n ciudadana y la labor pol\u00edtica.<\/p>\n\n\n\n<p><strong>\u00abEs curioso y hasta medieval ver c\u00f3mo confunden la responsabilidad del equilibrio social con la mezquina distribuci\u00f3n de un rey que no puede ver m\u00e1s all\u00e1 de las vallas que colocan para ser intocables\u00bb<\/strong>, reza el texto difundido tras el incidente.<\/p>\n\n\n\n<p>En el comunicado, los efectivos retirados criticaron la contradicci\u00f3n del mandatario, se\u00f1alando que utiliza la pol\u00edtica para alcanzar el poder, pero la desprecia cuando los ciudadanos la ejercen para reclamar sus derechos:<\/p>\n\n\n\n<p>Este nuevo cruce se suma a una serie de protestas que el sector de seguridad viene manteniendo en la provincia, exigiendo mejoras en los haberes y el cumplimiento de acuerdos previos. El tono del mensaje (que califica el discurso del gobernador como \u00abpoco feliz\u00bb) marca un punto de ruptura en el di\u00e1logo entre el Ejecutivo provincial y las fuerzas de seguridad en situaci\u00f3n de retiro.<\/p>\n\n\n\n<p>Por el momento, desde el entorno del Gobernador no se han emitido nuevas declaraciones, aunque el malestar en las bases policiales parece haber encontrado en este incidente un nuevo combustible para profundizar su plan de lucha.<\/p>\n<div class=\"fb-background-color\">\n\t\t\t  <div \n\t\t\t  \tclass = \"fb-comments\" \n\t\t\t  \tdata-href = \"https:\/\/www.elpolitologoyelpolitico.com.ar\/wordpress\/2026\/03\/09\/cipolletti-el-gobernador-alberto-weretilneck-se-enfrento-con-policias-retirados-en-plena-carrera\/\"\n\t\t\t  \tdata-numposts = \"10\"\n\t\t\t  \tdata-lazy = \"true\"\n\t\t\t\tdata-colorscheme = \"light\"\n\t\t\t\tdata-order-by = \"social\"\n\t\t\t\tdata-mobile=true>\n\t\t\t  <\/div><\/div>\n\t\t  <style>\n\t\t    .fb-background-color {\n\t\t\t\tbackground: #ffffff !important;\n\t\t\t}\n\t\t\t.fb_iframe_widget_fluid_desktop iframe {\n\t\t\t    width: 100% !important;\n\t\t\t}\n\t\t  <\/style>\n\t\t  ","protected":false},"excerpt":{"rendered":"<p>Lo que deb\u00eda ser una jornada deportiva se transform\u00f3 en un escenario de reclamos y reproches cruzados. El gobernador de R\u00edo Negro, Alberto Weretilneck, protagoniz\u00f3 una bochornosa confrontaci\u00f3n con un grupo de polic\u00edas retirados que se acercaron pac\u00edficamente para manifestar su descontento por la situaci\u00f3n salarial y previsional del sector. El conflicto escal\u00f3 cuando el [&hellip;]<\/p>\n","protected":false},"author":4,"featured_media":44187,"comment_status":"closed","ping_status":"closed","sticky":false,"template":"","format":"standard","meta":{"_joinchat":[],"footnotes":""},"categories":[39],"tags":[],"class_list":["post-44186","post","type-post","status-publish","format-standard","has-post-thumbnail","hentry","category-en-esta-seccion"],"_links":{"self":[{"href":"https:\/\/www.elpolitologoyelpolitico.com.ar\/wordpress\/wp-json\/wp\/v2\/posts\/44186","targetHints":{"allow":["GET"]}}],"collection":[{"href":"https:\/\/www.elpolitologoyelpolitico.com.ar\/wordpress\/wp-json\/wp\/v2\/posts"}],"about":[{"href":"https:\/\/www.elpolitologoyelpolitico.com.ar\/wordpress\/wp-json\/wp\/v2\/types\/post"}],"author":[{"embeddable":true,"href":"https:\/\/www.elpolitologoyelpolitico.com.ar\/wordpress\/wp-json\/wp\/v2\/users\/4"}],"replies":[{"embeddable":true,"href":"https:\/\/www.elpolitologoyelpolitico.com.ar\/wordpress\/wp-json\/wp\/v2\/comments?post=44186"}],"version-history":[{"count":1,"href":"https:\/\/www.elpolitologoyelpolitico.com.ar\/wordpress\/wp-json\/wp\/v2\/posts\/44186\/revisions"}],"predecessor-version":[{"id":44188,"href":"https:\/\/www.elpolitologoyelpolitico.com.ar\/wordpress\/wp-json\/wp\/v2\/posts\/44186\/revisions\/44188"}],"wp:featuredmedia":[{"embeddable":true,"href":"https:\/\/www.elpolitologoyelpolitico.com.ar\/wordpress\/wp-json\/wp\/v2\/media\/44187"}],"wp:attachment":[{"href":"https:\/\/www.elpolitologoyelpolitico.com.ar\/wordpress\/wp-json\/wp\/v2\/media?parent=44186"}],"wp:term":[{"taxonomy":"category","embeddable":true,"href":"https:\/\/www.elpolitologoyelpolitico.com.ar\/wordpress\/wp-json\/wp\/v2\/categories?post=44186"},{"taxonomy":"post_tag","embeddable":true,"href":"https:\/\/www.elpolitologoyelpolitico.com.ar\/wordpress\/wp-json\/wp\/v2\/tags?post=44186"}],"curies":[{"name":"wp","href":"https:\/\/api.w.org\/{rel}","templated":true}]}}