{"id":44179,"date":"2026-03-09T10:50:46","date_gmt":"2026-03-09T13:50:46","guid":{"rendered":"https:\/\/www.elpolitologoyelpolitico.com.ar\/wordpress\/?p=44179"},"modified":"2026-03-09T10:50:48","modified_gmt":"2026-03-09T13:50:48","slug":"llamado-a-la-solidaridad-se-necesitan-donantes-de-sangre-para-un-hombre-en-viedma","status":"publish","type":"post","link":"https:\/\/www.elpolitologoyelpolitico.com.ar\/wordpress\/2026\/03\/09\/llamado-a-la-solidaridad-se-necesitan-donantes-de-sangre-para-un-hombre-en-viedma\/","title":{"rendered":"Llamado a la solidaridad: Se necesitan donantes de sangre para un hombre en Viedma"},"content":{"rendered":"\n<p>La comunidad de Viedma se moviliza una vez m\u00e1s en favor de la salud. En las \u00faltimas horas, el Servicio de Medicina Transfusional emitido un pedido oficial de colaboraci\u00f3n para un paciente de nombre Antonio, quien requiere de forma urgente 4 dadores de sangre.<\/p>\n\n\n\n<p>Seg\u00fan el informe m\u00e9dico, el paciente posee un grupo sangu\u00edneo 0 (cero) Factor Rh Negativo (-), lo que hace que la b\u00fasqueda de voluntarios sea prioritaria dada la especificidad del tipo de sangre.<\/p>\n\n\n\n<p>Para garantizar la seguridad tanto del donante como del receptor, la instituci\u00f3n ha detallado una serie de condiciones que deben cumplir quienes deseen colaborar:<\/p>\n\n\n\n<ul class=\"wp-block-list\">\n<li>Edad: Tener entre 17 y 65 a\u00f1os.<\/li>\n\n\n\n<li>Peso: Pesar m\u00e1s de 50 kg.<\/li>\n\n\n\n<li>Salud general: No padecer ni haber padecido enfermedades de transmisi\u00f3n sangu\u00ednea (Hepatitis, Chagas, HIV, etc.).<\/li>\n\n\n\n<li>Antecedentes recientes: No haberse realizado cirug\u00edas, tatuajes, perforaciones o haber tenido partos en el \u00faltimo a\u00f1o.<\/li>\n\n\n\n<li>Estudios m\u00e9dicos: No haberse realizado colonoscop\u00edas o endoscop\u00edas en los \u00faltimos 6 meses.<\/li>\n\n\n\n<li>Medicaci\u00f3n: No estar bajo tratamiento m\u00e9dico con medicaci\u00f3n diaria (a excepci\u00f3n de levotiroxina). Asimismo, no se aceptan personas al\u00e9rgicas a medicamentos.<\/li>\n<\/ul>\n\n\n\n<p>Los interesados deben presentarse en la calle Gallardo 170, en la ciudad de Viedma. El horario de atenci\u00f3n para los donantes es de 8:00 a 10:00 hs.<\/p>\n\n\n\n<p>Desde el centro de salud recomiendan a los voluntarios desayunar antes de concurrir, evitando estrictamente el consumo de l\u00e1cteos y grasas. Adem\u00e1s, se solicita no asistir acompa\u00f1ados de ni\u00f1os menores y recordar que deben haber pasado al menos 4 meses desde la \u00faltima donaci\u00f3n.<\/p>\n\n\n\n<p>Para cualquier consulta adicional, la instituci\u00f3n tiene habilitada la l\u00ednea telef\u00f3nica (2920) 591653.<\/p>\n\n\n\n<figure class=\"wp-block-image size-large is-resized\"><img fetchpriority=\"high\" decoding=\"async\" width=\"1024\" height=\"1024\" src=\"https:\/\/www.elpolitologoyelpolitico.com.ar\/wp-content\/uploads\/2026\/03\/URGENTE-9-1024x1024.png\" alt=\"\" class=\"wp-image-44183\" style=\"width:439px;height:auto\" srcset=\"https:\/\/www.elpolitologoyelpolitico.com.ar\/wp-content\/uploads\/2026\/03\/URGENTE-9-1024x1024.png 1024w, https:\/\/www.elpolitologoyelpolitico.com.ar\/wp-content\/uploads\/2026\/03\/URGENTE-9-300x300.png 300w, https:\/\/www.elpolitologoyelpolitico.com.ar\/wp-content\/uploads\/2026\/03\/URGENTE-9-150x150.png 150w, https:\/\/www.elpolitologoyelpolitico.com.ar\/wp-content\/uploads\/2026\/03\/URGENTE-9-768x768.png 768w, https:\/\/www.elpolitologoyelpolitico.com.ar\/wp-content\/uploads\/2026\/03\/URGENTE-9.png 1080w\" sizes=\"(max-width: 1024px) 100vw, 1024px\" \/><\/figure>\n<div class=\"fb-background-color\">\n\t\t\t  <div \n\t\t\t  \tclass = \"fb-comments\" \n\t\t\t  \tdata-href = \"https:\/\/www.elpolitologoyelpolitico.com.ar\/wordpress\/2026\/03\/09\/llamado-a-la-solidaridad-se-necesitan-donantes-de-sangre-para-un-hombre-en-viedma\/\"\n\t\t\t  \tdata-numposts = \"10\"\n\t\t\t  \tdata-lazy = \"true\"\n\t\t\t\tdata-colorscheme = \"light\"\n\t\t\t\tdata-order-by = \"social\"\n\t\t\t\tdata-mobile=true>\n\t\t\t  <\/div><\/div>\n\t\t  <style>\n\t\t    .fb-background-color {\n\t\t\t\tbackground: #ffffff !important;\n\t\t\t}\n\t\t\t.fb_iframe_widget_fluid_desktop iframe {\n\t\t\t    width: 100% !important;\n\t\t\t}\n\t\t  <\/style>\n\t\t  ","protected":false},"excerpt":{"rendered":"<p>La comunidad de Viedma se moviliza una vez m\u00e1s en favor de la salud. En las \u00faltimas horas, el Servicio de Medicina Transfusional emitido un pedido oficial de colaboraci\u00f3n para un paciente de nombre Antonio, quien requiere de forma urgente 4 dadores de sangre. Seg\u00fan el informe m\u00e9dico, el paciente posee un grupo sangu\u00edneo 0 [&hellip;]<\/p>\n","protected":false},"author":4,"featured_media":44180,"comment_status":"closed","ping_status":"closed","sticky":false,"template":"","format":"standard","meta":{"_joinchat":[],"footnotes":""},"categories":[39],"tags":[],"class_list":["post-44179","post","type-post","status-publish","format-standard","has-post-thumbnail","hentry","category-en-esta-seccion"],"_links":{"self":[{"href":"https:\/\/www.elpolitologoyelpolitico.com.ar\/wordpress\/wp-json\/wp\/v2\/posts\/44179","targetHints":{"allow":["GET"]}}],"collection":[{"href":"https:\/\/www.elpolitologoyelpolitico.com.ar\/wordpress\/wp-json\/wp\/v2\/posts"}],"about":[{"href":"https:\/\/www.elpolitologoyelpolitico.com.ar\/wordpress\/wp-json\/wp\/v2\/types\/post"}],"author":[{"embeddable":true,"href":"https:\/\/www.elpolitologoyelpolitico.com.ar\/wordpress\/wp-json\/wp\/v2\/users\/4"}],"replies":[{"embeddable":true,"href":"https:\/\/www.elpolitologoyelpolitico.com.ar\/wordpress\/wp-json\/wp\/v2\/comments?post=44179"}],"version-history":[{"count":3,"href":"https:\/\/www.elpolitologoyelpolitico.com.ar\/wordpress\/wp-json\/wp\/v2\/posts\/44179\/revisions"}],"predecessor-version":[{"id":44185,"href":"https:\/\/www.elpolitologoyelpolitico.com.ar\/wordpress\/wp-json\/wp\/v2\/posts\/44179\/revisions\/44185"}],"wp:featuredmedia":[{"embeddable":true,"href":"https:\/\/www.elpolitologoyelpolitico.com.ar\/wordpress\/wp-json\/wp\/v2\/media\/44180"}],"wp:attachment":[{"href":"https:\/\/www.elpolitologoyelpolitico.com.ar\/wordpress\/wp-json\/wp\/v2\/media?parent=44179"}],"wp:term":[{"taxonomy":"category","embeddable":true,"href":"https:\/\/www.elpolitologoyelpolitico.com.ar\/wordpress\/wp-json\/wp\/v2\/categories?post=44179"},{"taxonomy":"post_tag","embeddable":true,"href":"https:\/\/www.elpolitologoyelpolitico.com.ar\/wordpress\/wp-json\/wp\/v2\/tags?post=44179"}],"curies":[{"name":"wp","href":"https:\/\/api.w.org\/{rel}","templated":true}]}}