{"id":44176,"date":"2026-03-09T10:49:44","date_gmt":"2026-03-09T13:49:44","guid":{"rendered":"https:\/\/www.elpolitologoyelpolitico.com.ar\/wordpress\/?p=44176"},"modified":"2026-03-09T10:49:46","modified_gmt":"2026-03-09T13:49:46","slug":"el-triangulo-del-rechazo-cristina-villarruel-y-massa-lideran-los-indices-de-imagen-negativa","status":"publish","type":"post","link":"https:\/\/www.elpolitologoyelpolitico.com.ar\/wordpress\/2026\/03\/09\/el-triangulo-del-rechazo-cristina-villarruel-y-massa-lideran-los-indices-de-imagen-negativa\/","title":{"rendered":"El Tri\u00e1ngulo del Rechazo: Cristina, Villarruel y Massa lideran los \u00edndices de imagen negativa"},"content":{"rendered":"\n<p>Seg\u00fan los \u00faltimos informes de consultoras l\u00edderes, el podio de la negatividad est\u00e1 ocupado por nombres que, por distintos motivos, no logran romper la barrera del rechazo social. Cristina Fern\u00e1ndez de Kirchner, Victoria Villarruel y Sergio Massa encarnan hoy las tres caras de una crisis de representaci\u00f3n que afecta tanto a la oposici\u00f3n como al oficialismo.<\/p>\n\n\n\n<p>Para la expresidente, la imagen negativa no es una novedad, pero s\u00ed una constante que parece haberse cristalizado por encima del 60%. A pesar de mantener un liderazgo indiscutido en un sector del peronismo y de sus recientes apariciones p\u00fablicas para confrontar el modelo de Javier Milei, su figura sigue asociada para gran parte del electorado a las causas judiciales y a la crisis econ\u00f3mica que gener\u00f3 su gobierno junto con Alberto Fern\u00e1ndez.<\/p>\n\n\n\n<p>Por otro lado, la vicepresidente de la Naci\u00f3n vive un fen\u00f3meno distinto. Tras haber sido una de las figuras con mejor imagen al inicio del mandato, marzo de 2026 la encuentra en un terreno pantanoso. El desgaste propio sumado a las recurrentes tensiones con el \u00abtri\u00e1ngulo de hierro\u00bb de la Casa Rosada, ha erosionado su capital pol\u00edtico. Encuestas recientes muestran que su imagen negativa ha escalado hasta superar el 60% en varios distritos clave.<\/p>\n\n\n\n<p>El exministro de Econom\u00eda y excandidato presidencial sigue pagando el costo de la inflaci\u00f3n r\u00e9cord de 2023. Aunque ha intentado mantener un perfil bajo, cada vez que su nombre aparece en las mediciones, el rechazo supera ampliamente a la aprobaci\u00f3n.<\/p>\n\n\n\n<p>Para el ciudadano de a pie, Massa qued\u00f3 atrapado en el recuerdo de una transici\u00f3n econ\u00f3mica traum\u00e1tica. Su imagen negativa se alimenta de la desconfianza: la sociedad lo percibe como un dirigente de \u00abperfiles m\u00faltiples\u00bb cuya credibilidad ha quedado herida de gravedad. Hoy, el \u00abmassismo\u00bb lucha por encontrar un lugar en un peronismo que busca renovarse, pero cuya mochila de negatividad parece ser el principal lastre.<\/p>\n<div class=\"fb-background-color\">\n\t\t\t  <div \n\t\t\t  \tclass = \"fb-comments\" \n\t\t\t  \tdata-href = \"https:\/\/www.elpolitologoyelpolitico.com.ar\/wordpress\/2026\/03\/09\/el-triangulo-del-rechazo-cristina-villarruel-y-massa-lideran-los-indices-de-imagen-negativa\/\"\n\t\t\t  \tdata-numposts = \"10\"\n\t\t\t  \tdata-lazy = \"true\"\n\t\t\t\tdata-colorscheme = \"light\"\n\t\t\t\tdata-order-by = \"social\"\n\t\t\t\tdata-mobile=true>\n\t\t\t  <\/div><\/div>\n\t\t  <style>\n\t\t    .fb-background-color {\n\t\t\t\tbackground: #ffffff !important;\n\t\t\t}\n\t\t\t.fb_iframe_widget_fluid_desktop iframe {\n\t\t\t    width: 100% !important;\n\t\t\t}\n\t\t  <\/style>\n\t\t  ","protected":false},"excerpt":{"rendered":"<p>Seg\u00fan los \u00faltimos informes de consultoras l\u00edderes, el podio de la negatividad est\u00e1 ocupado por nombres que, por distintos motivos, no logran romper la barrera del rechazo social. Cristina Fern\u00e1ndez de Kirchner, Victoria Villarruel y Sergio Massa encarnan hoy las tres caras de una crisis de representaci\u00f3n que afecta tanto a la oposici\u00f3n como al [&hellip;]<\/p>\n","protected":false},"author":4,"featured_media":44177,"comment_status":"closed","ping_status":"closed","sticky":false,"template":"","format":"standard","meta":{"_joinchat":[],"footnotes":""},"categories":[39],"tags":[],"class_list":["post-44176","post","type-post","status-publish","format-standard","has-post-thumbnail","hentry","category-en-esta-seccion"],"_links":{"self":[{"href":"https:\/\/www.elpolitologoyelpolitico.com.ar\/wordpress\/wp-json\/wp\/v2\/posts\/44176","targetHints":{"allow":["GET"]}}],"collection":[{"href":"https:\/\/www.elpolitologoyelpolitico.com.ar\/wordpress\/wp-json\/wp\/v2\/posts"}],"about":[{"href":"https:\/\/www.elpolitologoyelpolitico.com.ar\/wordpress\/wp-json\/wp\/v2\/types\/post"}],"author":[{"embeddable":true,"href":"https:\/\/www.elpolitologoyelpolitico.com.ar\/wordpress\/wp-json\/wp\/v2\/users\/4"}],"replies":[{"embeddable":true,"href":"https:\/\/www.elpolitologoyelpolitico.com.ar\/wordpress\/wp-json\/wp\/v2\/comments?post=44176"}],"version-history":[{"count":1,"href":"https:\/\/www.elpolitologoyelpolitico.com.ar\/wordpress\/wp-json\/wp\/v2\/posts\/44176\/revisions"}],"predecessor-version":[{"id":44178,"href":"https:\/\/www.elpolitologoyelpolitico.com.ar\/wordpress\/wp-json\/wp\/v2\/posts\/44176\/revisions\/44178"}],"wp:featuredmedia":[{"embeddable":true,"href":"https:\/\/www.elpolitologoyelpolitico.com.ar\/wordpress\/wp-json\/wp\/v2\/media\/44177"}],"wp:attachment":[{"href":"https:\/\/www.elpolitologoyelpolitico.com.ar\/wordpress\/wp-json\/wp\/v2\/media?parent=44176"}],"wp:term":[{"taxonomy":"category","embeddable":true,"href":"https:\/\/www.elpolitologoyelpolitico.com.ar\/wordpress\/wp-json\/wp\/v2\/categories?post=44176"},{"taxonomy":"post_tag","embeddable":true,"href":"https:\/\/www.elpolitologoyelpolitico.com.ar\/wordpress\/wp-json\/wp\/v2\/tags?post=44176"}],"curies":[{"name":"wp","href":"https:\/\/api.w.org\/{rel}","templated":true}]}}