{"id":44171,"date":"2026-03-08T22:22:24","date_gmt":"2026-03-09T01:22:24","guid":{"rendered":"https:\/\/www.elpolitologoyelpolitico.com.ar\/wordpress\/?p=44171"},"modified":"2026-03-08T22:22:25","modified_gmt":"2026-03-09T01:22:25","slug":"cumbre-escudo-de-las-americas-milei-y-trump-consolidan-el-eje-estrategico-en-miami","status":"publish","type":"post","link":"https:\/\/www.elpolitologoyelpolitico.com.ar\/wordpress\/2026\/03\/08\/cumbre-escudo-de-las-americas-milei-y-trump-consolidan-el-eje-estrategico-en-miami\/","title":{"rendered":"Cumbre \u00abEscudo de las Am\u00e9ricas\u00bb: Milei y Trump consolidan el eje estrat\u00e9gico en Miami"},"content":{"rendered":"\n<p>El presidente de los Estados Unidos, Donald Trump, encabez\u00f3 este s\u00e1bado la cumbre \u00abEscudo de las Am\u00e9ricas\u00bb. El evento, que reuni\u00f3 a los principales referentes de la derecha continental, tuvo como gran protagonista al mandatario argentino Javier Milei, quien reafirm\u00f3 su posici\u00f3n como el aliado n\u00famero uno de la Casa Blanca en la regi\u00f3n.<\/p>\n\n\n\n<p>La cumbre no fue solo una reuni\u00f3n diplom\u00e1tica de cortes\u00eda. El objetivo central, seg\u00fan fuentes oficiales, es la creaci\u00f3n de una coalici\u00f3n anti-narco y un frente com\u00fan para frenar la expansi\u00f3n de la influencia china en infraestructura cr\u00edtica y tecnolog\u00eda en Am\u00e9rica Latina.<\/p>\n\n\n\n<p>Durante la apertura, Trump se refiri\u00f3 a Milei como su \u00abgran amigo\u00bb y destac\u00f3 los avances del acuerdo comercial y de inversiones sellado entre ambos pa\u00edses el pasado febrero. Tras la sesi\u00f3n plenaria, ambos compartieron un almuerzo de trabajo privado donde discutieron la cooperaci\u00f3n en defensa y la situaci\u00f3n de seguridad en el hemisferio occidental.<\/p>\n\n\n\n<p>Aunque Milei acapar\u00f3 gran parte de las miradas, la cita logr\u00f3 reunir a 12 l\u00edderes que representan el nuevo mapa pol\u00edtico de la regi\u00f3n. Los mandatarios presentes fueron:<\/p>\n\n\n\n<ol class=\"wp-block-list\">\n<li>Donald Trump (Estados Unidos &#8211; Anfitri\u00f3n)<\/li>\n\n\n\n<li>Javier Milei (Argentina)<\/li>\n\n\n\n<li>Nayib Bukele (El Salvador)<\/li>\n\n\n\n<li>Santiago Pe\u00f1a (Paraguay)<\/li>\n\n\n\n<li>Daniel Noboa (Ecuador)<\/li>\n\n\n\n<li>Rodrigo Paz (Bolivia)<\/li>\n\n\n\n<li>Jos\u00e9 Ra\u00fal Mulino (Panam\u00e1)<\/li>\n\n\n\n<li>Nasry \u00abTito\u00bb Asfura (Honduras)<\/li>\n\n\n\n<li>Rodrigo Chaves (Costa Rica)<\/li>\n\n\n\n<li>Luis Abinader (Rep\u00fablica Dominicana)<\/li>\n\n\n\n<li>Keith Rowley (Trinidad y Tobago)<\/li>\n\n\n\n<li>Jos\u00e9 Antonio Kast (Presidente electo de Chile, quien asume el pr\u00f3ximo 11 de marzo)<\/li>\n<\/ol>\n\n\n\n<p>La cumbre se caracteriz\u00f3 por las notables ausencias de los gobiernos de Brasil, M\u00e9xico y Colombia, marcando una clara divisi\u00f3n ideol\u00f3gica en el continente. La jornada concluir\u00e1 esta noche con la Hispanic Prosperity Gala, donde el presidente Milei ser\u00e1 distinguido por su agenda de reformas econ\u00f3micas. Sin embargo, no habr\u00e1 tiempo para festejos prolongados: a las 21:30 hs, el mandatario argentino partir\u00e1 hacia Nueva York.<\/p>\n\n\n\n<p>En la \u00abGran Manzana\u00bb, Milei inaugurar\u00e1 la Argentina Week 2026 junto a directivos de JPMorgan y Bank of America, buscando atraer los capitales necesarios para sostener su plan de estabilizaci\u00f3n antes de volar a Chile para la asunci\u00f3n de Kast el mi\u00e9rcoles.<\/p>\n<div class=\"fb-background-color\">\n\t\t\t  <div \n\t\t\t  \tclass = \"fb-comments\" \n\t\t\t  \tdata-href = \"https:\/\/www.elpolitologoyelpolitico.com.ar\/wordpress\/2026\/03\/08\/cumbre-escudo-de-las-americas-milei-y-trump-consolidan-el-eje-estrategico-en-miami\/\"\n\t\t\t  \tdata-numposts = \"10\"\n\t\t\t  \tdata-lazy = \"true\"\n\t\t\t\tdata-colorscheme = \"light\"\n\t\t\t\tdata-order-by = \"social\"\n\t\t\t\tdata-mobile=true>\n\t\t\t  <\/div><\/div>\n\t\t  <style>\n\t\t    .fb-background-color {\n\t\t\t\tbackground: #ffffff !important;\n\t\t\t}\n\t\t\t.fb_iframe_widget_fluid_desktop iframe {\n\t\t\t    width: 100% !important;\n\t\t\t}\n\t\t  <\/style>\n\t\t  ","protected":false},"excerpt":{"rendered":"<p>El presidente de los Estados Unidos, Donald Trump, encabez\u00f3 este s\u00e1bado la cumbre \u00abEscudo de las Am\u00e9ricas\u00bb. El evento, que reuni\u00f3 a los principales referentes de la derecha continental, tuvo como gran protagonista al mandatario argentino Javier Milei, quien reafirm\u00f3 su posici\u00f3n como el aliado n\u00famero uno de la Casa Blanca en la regi\u00f3n. La [&hellip;]<\/p>\n","protected":false},"author":4,"featured_media":44172,"comment_status":"closed","ping_status":"closed","sticky":false,"template":"","format":"standard","meta":{"_joinchat":[],"footnotes":""},"categories":[39],"tags":[],"class_list":["post-44171","post","type-post","status-publish","format-standard","has-post-thumbnail","hentry","category-en-esta-seccion"],"_links":{"self":[{"href":"https:\/\/www.elpolitologoyelpolitico.com.ar\/wordpress\/wp-json\/wp\/v2\/posts\/44171","targetHints":{"allow":["GET"]}}],"collection":[{"href":"https:\/\/www.elpolitologoyelpolitico.com.ar\/wordpress\/wp-json\/wp\/v2\/posts"}],"about":[{"href":"https:\/\/www.elpolitologoyelpolitico.com.ar\/wordpress\/wp-json\/wp\/v2\/types\/post"}],"author":[{"embeddable":true,"href":"https:\/\/www.elpolitologoyelpolitico.com.ar\/wordpress\/wp-json\/wp\/v2\/users\/4"}],"replies":[{"embeddable":true,"href":"https:\/\/www.elpolitologoyelpolitico.com.ar\/wordpress\/wp-json\/wp\/v2\/comments?post=44171"}],"version-history":[{"count":1,"href":"https:\/\/www.elpolitologoyelpolitico.com.ar\/wordpress\/wp-json\/wp\/v2\/posts\/44171\/revisions"}],"predecessor-version":[{"id":44173,"href":"https:\/\/www.elpolitologoyelpolitico.com.ar\/wordpress\/wp-json\/wp\/v2\/posts\/44171\/revisions\/44173"}],"wp:featuredmedia":[{"embeddable":true,"href":"https:\/\/www.elpolitologoyelpolitico.com.ar\/wordpress\/wp-json\/wp\/v2\/media\/44172"}],"wp:attachment":[{"href":"https:\/\/www.elpolitologoyelpolitico.com.ar\/wordpress\/wp-json\/wp\/v2\/media?parent=44171"}],"wp:term":[{"taxonomy":"category","embeddable":true,"href":"https:\/\/www.elpolitologoyelpolitico.com.ar\/wordpress\/wp-json\/wp\/v2\/categories?post=44171"},{"taxonomy":"post_tag","embeddable":true,"href":"https:\/\/www.elpolitologoyelpolitico.com.ar\/wordpress\/wp-json\/wp\/v2\/tags?post=44171"}],"curies":[{"name":"wp","href":"https:\/\/api.w.org\/{rel}","templated":true}]}}