{"id":44163,"date":"2026-03-06T23:31:14","date_gmt":"2026-03-07T02:31:14","guid":{"rendered":"https:\/\/www.elpolitologoyelpolitico.com.ar\/wordpress\/?p=44163"},"modified":"2026-03-06T23:31:16","modified_gmt":"2026-03-07T02:31:16","slug":"la-busqueda-no-se-detiene-el-gobierno-de-rio-negro-intensifica-el-operativo-para-hallar-a-kevin-hernandez","status":"publish","type":"post","link":"https:\/\/www.elpolitologoyelpolitico.com.ar\/wordpress\/2026\/03\/06\/la-busqueda-no-se-detiene-el-gobierno-de-rio-negro-intensifica-el-operativo-para-hallar-a-kevin-hernandez\/","title":{"rendered":"\u00abLa b\u00fasqueda no se detiene\u00bb: el Gobierno de R\u00edo Negro intensifica el operativo para hallar a Kevin Hern\u00e1ndez"},"content":{"rendered":"\n<p>El ministro de Seguridad, Daniel Jara, visit\u00f3 la localidad de Lamarque y se reuni\u00f3 con la familia del joven desaparecido desde el pasado 22 de febrero. Se sumaron buzos t\u00e1cticos, drones y fuerzas especiales en una zona de rastrillaje que se extiende hacia los canales de riego y la costa del r\u00edo.<\/p>\n\n\n\n<p>La incertidumbre y la angustia crecen en el Valle Medio, pero las autoridades provinciales aseguran que no bajar\u00e1n los brazos. A m\u00e1s de diez d\u00edas de la \u00faltima vez que se vio a Kevin Alan Hern\u00e1ndez, el ministro de Seguridad de R\u00edo Negro, Daniel Jara, se hizo presente en el centro de operaciones de Lamarque para ratificar el compromiso del Estado en la localizaci\u00f3n del joven.<\/p>\n\n\n\n<p><strong>\u201cLa b\u00fasqueda no se detiene\u201d<\/strong>, enfatiz\u00f3 Jara tras mantener un encuentro privado con los familiares de Kevin. La reuni\u00f3n se dio en un contexto de fuerte presi\u00f3n social, marcada por movilizaciones locales y la reciente decisi\u00f3n de suspender la Fiesta Nacional del Tomate 2026, una medida que refleja el impacto emocional que el caso ha tenido en la comunidad.<\/p>\n\n\n\n<p>Durante las \u00faltimas jornadas, el foco de las tareas se centr\u00f3 en dos establecimientos rurales, donde los equipos de b\u00fasqueda recorrieron minuciosamente galpones, per\u00edmetros de alambrados y zonas de monte bajo. Seg\u00fan informaron fuentes oficiales, los perros marcaron sectores espec\u00edficos cercanos a canales de riego, lo que motiv\u00f3 la intervenci\u00f3n de:<\/p>\n\n\n\n<ul class=\"wp-block-list\">\n<li>Buzos t\u00e1cticos: Encargados de inspeccionar pozones y zonas de acumulaci\u00f3n de ramas en el r\u00edo Negro.<\/li>\n\n\n\n<li>Drones: Utilizados para sobrevolar la ribera y ampliar el campo visual en zonas de dif\u00edcil acceso terrestre.<\/li>\n\n\n\n<li>Fuerzas Especiales (COER): Efectivos de las divisiones de Lamarque y Villa Regina encabezan los rastrillajes a pie.<\/li>\n<\/ul>\n\n\n\n<p>En el despliegue participan tambi\u00e9n la Unidad Regional de Choele Choel, brigadas de investigaciones y efectivos de diversas comisar\u00edas locales, lo que permite cubrir grandes extensiones de terreno sin interrupciones.<\/p>\n\n\n\n<p>Kevin Hern\u00e1ndez fue visto por \u00faltima vez el 22 de febrero. Desde entonces, el radio de b\u00fasqueda se ha ampliado constantemente, pero hasta el momento no se han reportado resultados positivos. Las autoridades solicitan a cualquier persona que pueda aportar datos sobre el paradero de Kevin que se comunique de inmediato con la unidad policial m\u00e1s cercana o al servicio de emergencias 911.<\/p>\n<div class=\"fb-background-color\">\n\t\t\t  <div \n\t\t\t  \tclass = \"fb-comments\" \n\t\t\t  \tdata-href = \"https:\/\/www.elpolitologoyelpolitico.com.ar\/wordpress\/2026\/03\/06\/la-busqueda-no-se-detiene-el-gobierno-de-rio-negro-intensifica-el-operativo-para-hallar-a-kevin-hernandez\/\"\n\t\t\t  \tdata-numposts = \"10\"\n\t\t\t  \tdata-lazy = \"true\"\n\t\t\t\tdata-colorscheme = \"light\"\n\t\t\t\tdata-order-by = \"social\"\n\t\t\t\tdata-mobile=true>\n\t\t\t  <\/div><\/div>\n\t\t  <style>\n\t\t    .fb-background-color {\n\t\t\t\tbackground: #ffffff !important;\n\t\t\t}\n\t\t\t.fb_iframe_widget_fluid_desktop iframe {\n\t\t\t    width: 100% !important;\n\t\t\t}\n\t\t  <\/style>\n\t\t  ","protected":false},"excerpt":{"rendered":"<p>El ministro de Seguridad, Daniel Jara, visit\u00f3 la localidad de Lamarque y se reuni\u00f3 con la familia del joven desaparecido desde el pasado 22 de febrero. Se sumaron buzos t\u00e1cticos, drones y fuerzas especiales en una zona de rastrillaje que se extiende hacia los canales de riego y la costa del r\u00edo. La incertidumbre y [&hellip;]<\/p>\n","protected":false},"author":4,"featured_media":44164,"comment_status":"closed","ping_status":"closed","sticky":false,"template":"","format":"standard","meta":{"_joinchat":[],"footnotes":""},"categories":[39],"tags":[],"class_list":["post-44163","post","type-post","status-publish","format-standard","has-post-thumbnail","hentry","category-en-esta-seccion"],"_links":{"self":[{"href":"https:\/\/www.elpolitologoyelpolitico.com.ar\/wordpress\/wp-json\/wp\/v2\/posts\/44163","targetHints":{"allow":["GET"]}}],"collection":[{"href":"https:\/\/www.elpolitologoyelpolitico.com.ar\/wordpress\/wp-json\/wp\/v2\/posts"}],"about":[{"href":"https:\/\/www.elpolitologoyelpolitico.com.ar\/wordpress\/wp-json\/wp\/v2\/types\/post"}],"author":[{"embeddable":true,"href":"https:\/\/www.elpolitologoyelpolitico.com.ar\/wordpress\/wp-json\/wp\/v2\/users\/4"}],"replies":[{"embeddable":true,"href":"https:\/\/www.elpolitologoyelpolitico.com.ar\/wordpress\/wp-json\/wp\/v2\/comments?post=44163"}],"version-history":[{"count":1,"href":"https:\/\/www.elpolitologoyelpolitico.com.ar\/wordpress\/wp-json\/wp\/v2\/posts\/44163\/revisions"}],"predecessor-version":[{"id":44165,"href":"https:\/\/www.elpolitologoyelpolitico.com.ar\/wordpress\/wp-json\/wp\/v2\/posts\/44163\/revisions\/44165"}],"wp:featuredmedia":[{"embeddable":true,"href":"https:\/\/www.elpolitologoyelpolitico.com.ar\/wordpress\/wp-json\/wp\/v2\/media\/44164"}],"wp:attachment":[{"href":"https:\/\/www.elpolitologoyelpolitico.com.ar\/wordpress\/wp-json\/wp\/v2\/media?parent=44163"}],"wp:term":[{"taxonomy":"category","embeddable":true,"href":"https:\/\/www.elpolitologoyelpolitico.com.ar\/wordpress\/wp-json\/wp\/v2\/categories?post=44163"},{"taxonomy":"post_tag","embeddable":true,"href":"https:\/\/www.elpolitologoyelpolitico.com.ar\/wordpress\/wp-json\/wp\/v2\/tags?post=44163"}],"curies":[{"name":"wp","href":"https:\/\/api.w.org\/{rel}","templated":true}]}}