{"id":44160,"date":"2026-03-06T16:58:04","date_gmt":"2026-03-06T19:58:04","guid":{"rendered":"https:\/\/www.elpolitologoyelpolitico.com.ar\/wordpress\/?p=44160"},"modified":"2026-03-06T16:58:06","modified_gmt":"2026-03-06T19:58:06","slug":"el-capitan-en-la-casa-blanca-donald-trump-recibe-a-lionel-messi-y-al-inter-miami","status":"publish","type":"post","link":"https:\/\/www.elpolitologoyelpolitico.com.ar\/wordpress\/2026\/03\/06\/el-capitan-en-la-casa-blanca-donald-trump-recibe-a-lionel-messi-y-al-inter-miami\/","title":{"rendered":"El \u00abCapit\u00e1n\u00bb en la Casa Blanca: Donald Trump recibe a Lionel Messi y al Inter Miami"},"content":{"rendered":"\n<p>En un encuentro que fusion\u00f3 el deporte con la pol\u00edtica, el presidente Donald Trump recibi\u00f3 este jueves 5 de marzo al Inter Miami CF en la Casa Blanca. El motivo: homenajear a \u00abLas Garzas\u00bb tras su consagraci\u00f3n como campeones de la MLS Cup 2025.<\/p>\n\n\n\n<p>Aunque la visita de los equipos campeones es una tradici\u00f3n arraigada en la cultura estadounidense, esta edici\u00f3n cobr\u00f3 una relevancia global sin precedentes debido a la presencia de un hombre: Lionel Messi.<\/p>\n\n\n\n<p>La jornada rompi\u00f3 con el protocolo habitual desde el inicio. El presidente Trump ingres\u00f3 al Sal\u00f3n acompa\u00f1ado por el propietario del club, Jorge Mas, y por el propio Messi. La imagen del astro argentino caminando por los pasillos de la residencia presidencial se viralizaron instant\u00e1neamente, marcando la primera visita oficial del \u00ab10\u00bb a la Casa Blanca.<\/p>\n\n\n\n<p id=\"p-rc_8780960a1d6d01d6-21\">Durante su discurso, Trump no escatim\u00f3 en elogios para el capit\u00e1n de la Selecci\u00f3n Argentina, destacando su impacto en el futbol:<\/p>\n\n\n\n<p id=\"p-rc_8780960a1d6d01d6-22\"><strong>\u00abEs un gran privilegio para m\u00ed decir lo que ning\u00fan presidente estadounidense ha tenido la oportunidad de decir antes: \u00a1Bienvenido a la Casa Blanca, Lionel Messi!\u00bb<\/strong>, exclam\u00f3 el mandatario ante el aplauso de los presentes.<\/p>\n\n\n\n<p id=\"p-rc_8780960a1d6d01d6-23\">Trump tambi\u00e9n revel\u00f3 una an\u00e9cdota familiar, mencionando que su hijo Barron, un conocido aficionado al f\u00fatbol, estaba especialmente entusiasmado por la visita. <strong>\u00abMi hijo me dijo: &#8216;Pap\u00e1, \u00bfsabes qui\u00e9n estar\u00e1 all\u00ed hoy?<\/strong><strong> Messi&#8217;. Es un gran fan tuyo\u00bb<\/strong>, confes\u00f3 el presidente, desatando risas en el auditorio al a\u00f1adir que Barron tambi\u00e9n admira a Cristiano Ronaldo.<\/p>\n\n\n\n<p>Fiel a su estilo directo, Trump compar\u00f3 a Messi con el legendario Pel\u00e9, a quien record\u00f3 haber visto jugar en su \u00e9poca con el Cosmos de Nueva York. <strong>\u00ab\u00bfQui\u00e9n es mejor?\u00bb<\/strong>, pregunt\u00f3 ret\u00f3ricamente al p\u00fablico, para luego coincidir con los gritos de la audiencia: <strong>\u00abEstoy de acuerdo, puede que seas mejor que Pel\u00e9. Llegaste con toda la presi\u00f3n del mundo y ganaste. Eso es lo que hacen los grandes\u00bb.<\/strong><\/p>\n\n\n\n<p id=\"p-rc_8780960a1d6d01d6-25\">Como gesto de cortes\u00eda, la delegaci\u00f3n del Inter Miami entreg\u00f3 al presidente una camiseta personalizada con el n\u00famero 47 (en referencia a su mandato actual), mientras que Messi le obsequi\u00f3 una pelota firmada por todo el plantel.<\/p>\n\n\n\n<p>La reuni\u00f3n no solo fue una celebraci\u00f3n del t\u00edtulo obtenido ante el Vancouver Whitecaps, sino tambi\u00e9n un preludio de lo que vendr\u00e1. Con el Mundial 2026 en el horizonte, del cual Trump ser\u00e1 anfitri\u00f3n, el presidente destac\u00f3 la importancia de tener a figuras de la talla de Messi elevando el perfil del deporte en el pa\u00eds.<\/p>\n\n\n\n<p id=\"p-rc_8780960a1d6d01d6-27\">Tras la ceremonia p\u00fablica, el equipo fue invitado a un recorrido privado por el Sal\u00f3n Oval, un honor reservado para pocos, donde los jugadores pudieron conversar brevemente con el mandatario antes de partir hacia Baltimore, donde el Inter Miami se enfrentar\u00e1 al D.C. United este s\u00e1bado.<\/p>\n<div class=\"fb-background-color\">\n\t\t\t  <div \n\t\t\t  \tclass = \"fb-comments\" \n\t\t\t  \tdata-href = \"https:\/\/www.elpolitologoyelpolitico.com.ar\/wordpress\/2026\/03\/06\/el-capitan-en-la-casa-blanca-donald-trump-recibe-a-lionel-messi-y-al-inter-miami\/\"\n\t\t\t  \tdata-numposts = \"10\"\n\t\t\t  \tdata-lazy = \"true\"\n\t\t\t\tdata-colorscheme = \"light\"\n\t\t\t\tdata-order-by = \"social\"\n\t\t\t\tdata-mobile=true>\n\t\t\t  <\/div><\/div>\n\t\t  <style>\n\t\t    .fb-background-color {\n\t\t\t\tbackground: #ffffff !important;\n\t\t\t}\n\t\t\t.fb_iframe_widget_fluid_desktop iframe {\n\t\t\t    width: 100% !important;\n\t\t\t}\n\t\t  <\/style>\n\t\t  ","protected":false},"excerpt":{"rendered":"<p>En un encuentro que fusion\u00f3 el deporte con la pol\u00edtica, el presidente Donald Trump recibi\u00f3 este jueves 5 de marzo al Inter Miami CF en la Casa Blanca. El motivo: homenajear a \u00abLas Garzas\u00bb tras su consagraci\u00f3n como campeones de la MLS Cup 2025. Aunque la visita de los equipos campeones es una tradici\u00f3n arraigada [&hellip;]<\/p>\n","protected":false},"author":4,"featured_media":44161,"comment_status":"closed","ping_status":"closed","sticky":false,"template":"","format":"standard","meta":{"_joinchat":[],"footnotes":""},"categories":[39],"tags":[],"class_list":["post-44160","post","type-post","status-publish","format-standard","has-post-thumbnail","hentry","category-en-esta-seccion"],"_links":{"self":[{"href":"https:\/\/www.elpolitologoyelpolitico.com.ar\/wordpress\/wp-json\/wp\/v2\/posts\/44160","targetHints":{"allow":["GET"]}}],"collection":[{"href":"https:\/\/www.elpolitologoyelpolitico.com.ar\/wordpress\/wp-json\/wp\/v2\/posts"}],"about":[{"href":"https:\/\/www.elpolitologoyelpolitico.com.ar\/wordpress\/wp-json\/wp\/v2\/types\/post"}],"author":[{"embeddable":true,"href":"https:\/\/www.elpolitologoyelpolitico.com.ar\/wordpress\/wp-json\/wp\/v2\/users\/4"}],"replies":[{"embeddable":true,"href":"https:\/\/www.elpolitologoyelpolitico.com.ar\/wordpress\/wp-json\/wp\/v2\/comments?post=44160"}],"version-history":[{"count":1,"href":"https:\/\/www.elpolitologoyelpolitico.com.ar\/wordpress\/wp-json\/wp\/v2\/posts\/44160\/revisions"}],"predecessor-version":[{"id":44162,"href":"https:\/\/www.elpolitologoyelpolitico.com.ar\/wordpress\/wp-json\/wp\/v2\/posts\/44160\/revisions\/44162"}],"wp:featuredmedia":[{"embeddable":true,"href":"https:\/\/www.elpolitologoyelpolitico.com.ar\/wordpress\/wp-json\/wp\/v2\/media\/44161"}],"wp:attachment":[{"href":"https:\/\/www.elpolitologoyelpolitico.com.ar\/wordpress\/wp-json\/wp\/v2\/media?parent=44160"}],"wp:term":[{"taxonomy":"category","embeddable":true,"href":"https:\/\/www.elpolitologoyelpolitico.com.ar\/wordpress\/wp-json\/wp\/v2\/categories?post=44160"},{"taxonomy":"post_tag","embeddable":true,"href":"https:\/\/www.elpolitologoyelpolitico.com.ar\/wordpress\/wp-json\/wp\/v2\/tags?post=44160"}],"curies":[{"name":"wp","href":"https:\/\/api.w.org\/{rel}","templated":true}]}}