{"id":44156,"date":"2026-03-06T16:25:38","date_gmt":"2026-03-06T19:25:38","guid":{"rendered":"https:\/\/www.elpolitologoyelpolitico.com.ar\/wordpress\/?p=44156"},"modified":"2026-03-06T16:25:40","modified_gmt":"2026-03-06T19:25:40","slug":"imputaron-al-hombre-que-mato-a-punaladas-a-su-vecino-por-una-discusion-en-viedma","status":"publish","type":"post","link":"https:\/\/www.elpolitologoyelpolitico.com.ar\/wordpress\/2026\/03\/06\/imputaron-al-hombre-que-mato-a-punaladas-a-su-vecino-por-una-discusion-en-viedma\/","title":{"rendered":"Imputaron al hombre que mat\u00f3 a pu\u00f1aladas a su vecino por una discusi\u00f3n en Viedma"},"content":{"rendered":"\n<p>La Justicia acus\u00f3 formalmente a un hombre por el homicidio de Luis Miguel Santana, ocurrido el pasado s\u00e1bado por la ma\u00f1ana. Seg\u00fan indicaron, todo comenz\u00f3 por una diferencia en la venta de paquetes de bolsas.<\/p>\n\n\n\n<p>La Fiscal\u00eda dio a conocer el tr\u00e1gico suceso, que ocurri\u00f3 el alrededor de las 7:15 horas en un inquilinato de la calle Per\u00fa. El imputado, quien resid\u00eda de forma temporal en una unidad junto a su pareja y su peque\u00f1o hijo, ingres\u00f3 al sector que ocupaba la v\u00edctima, ubicado de forma lindante dentro del mismo predio.<\/p>\n\n\n\n<p>Ambos se enfrentaron y la victima recibi\u00f3 4 pu\u00f1aladas. La autopsia determin\u00f3 que el fallecimiento se produjo por un taponamiento card\u00edaco derivado de una herida penetrante en el t\u00f3rax. El crimen fue descubierto reci\u00e9n el domingo por el due\u00f1o de las propiedades.<\/p>\n\n\n\n<p>El locador, que hab\u00eda escuchado ruidos de pelea el d\u00eda anterior, ingres\u00f3 al sector para realizar reparaciones y se encontr\u00f3 con el cuerpo sin vida. El Juez de Garant\u00edas hizo lugar al pedido de prisi\u00f3n preventiva de cumplimiento efectivo solicitado por la Fiscal\u00eda.<\/p>\n\n\n\n<p>Los argumentos para mantener al acusado tras las rejas se centraron en el peligro de fuga. El hombre no cuenta con familiares ni lazos firmes en Viedma (falta de arraigo), habiendo llegado a la ciudad hace apenas pocos meses. Adem\u00e1s, la acusaci\u00f3n subray\u00f3 su comportamiento previo en causas judiciales que a\u00fan tramitan en Bah\u00eda Blanca, lo que refuerza la sospecha de que intentar\u00eda evadir la justicia rionegrina.<\/p>\n\n\n\n<p>La v\u00edctima fue identificada como Luis Miguel Santana, de 38 a\u00f1os.<\/p>\n\n\n\n<figure class=\"wp-block-image size-full\"><img fetchpriority=\"high\" decoding=\"async\" width=\"640\" height=\"312\" src=\"https:\/\/www.elpolitologoyelpolitico.com.ar\/wp-content\/uploads\/2026\/03\/IVI-FRANCO-5-1.png\" alt=\"\" class=\"wp-image-44158\" srcset=\"https:\/\/www.elpolitologoyelpolitico.com.ar\/wp-content\/uploads\/2026\/03\/IVI-FRANCO-5-1.png 640w, https:\/\/www.elpolitologoyelpolitico.com.ar\/wp-content\/uploads\/2026\/03\/IVI-FRANCO-5-1-300x146.png 300w\" sizes=\"(max-width: 640px) 100vw, 640px\" \/><\/figure>\n<div class=\"fb-background-color\">\n\t\t\t  <div \n\t\t\t  \tclass = \"fb-comments\" \n\t\t\t  \tdata-href = \"https:\/\/www.elpolitologoyelpolitico.com.ar\/wordpress\/2026\/03\/06\/imputaron-al-hombre-que-mato-a-punaladas-a-su-vecino-por-una-discusion-en-viedma\/\"\n\t\t\t  \tdata-numposts = \"10\"\n\t\t\t  \tdata-lazy = \"true\"\n\t\t\t\tdata-colorscheme = \"light\"\n\t\t\t\tdata-order-by = \"social\"\n\t\t\t\tdata-mobile=true>\n\t\t\t  <\/div><\/div>\n\t\t  <style>\n\t\t    .fb-background-color {\n\t\t\t\tbackground: #ffffff !important;\n\t\t\t}\n\t\t\t.fb_iframe_widget_fluid_desktop iframe {\n\t\t\t    width: 100% !important;\n\t\t\t}\n\t\t  <\/style>\n\t\t  ","protected":false},"excerpt":{"rendered":"<p>La Justicia acus\u00f3 formalmente a un hombre por el homicidio de Luis Miguel Santana, ocurrido el pasado s\u00e1bado por la ma\u00f1ana. Seg\u00fan indicaron, todo comenz\u00f3 por una diferencia en la venta de paquetes de bolsas. La Fiscal\u00eda dio a conocer el tr\u00e1gico suceso, que ocurri\u00f3 el alrededor de las 7:15 horas en un inquilinato de [&hellip;]<\/p>\n","protected":false},"author":4,"featured_media":44157,"comment_status":"closed","ping_status":"closed","sticky":false,"template":"","format":"standard","meta":{"_joinchat":[],"footnotes":""},"categories":[39],"tags":[],"class_list":["post-44156","post","type-post","status-publish","format-standard","has-post-thumbnail","hentry","category-en-esta-seccion"],"_links":{"self":[{"href":"https:\/\/www.elpolitologoyelpolitico.com.ar\/wordpress\/wp-json\/wp\/v2\/posts\/44156","targetHints":{"allow":["GET"]}}],"collection":[{"href":"https:\/\/www.elpolitologoyelpolitico.com.ar\/wordpress\/wp-json\/wp\/v2\/posts"}],"about":[{"href":"https:\/\/www.elpolitologoyelpolitico.com.ar\/wordpress\/wp-json\/wp\/v2\/types\/post"}],"author":[{"embeddable":true,"href":"https:\/\/www.elpolitologoyelpolitico.com.ar\/wordpress\/wp-json\/wp\/v2\/users\/4"}],"replies":[{"embeddable":true,"href":"https:\/\/www.elpolitologoyelpolitico.com.ar\/wordpress\/wp-json\/wp\/v2\/comments?post=44156"}],"version-history":[{"count":1,"href":"https:\/\/www.elpolitologoyelpolitico.com.ar\/wordpress\/wp-json\/wp\/v2\/posts\/44156\/revisions"}],"predecessor-version":[{"id":44159,"href":"https:\/\/www.elpolitologoyelpolitico.com.ar\/wordpress\/wp-json\/wp\/v2\/posts\/44156\/revisions\/44159"}],"wp:featuredmedia":[{"embeddable":true,"href":"https:\/\/www.elpolitologoyelpolitico.com.ar\/wordpress\/wp-json\/wp\/v2\/media\/44157"}],"wp:attachment":[{"href":"https:\/\/www.elpolitologoyelpolitico.com.ar\/wordpress\/wp-json\/wp\/v2\/media?parent=44156"}],"wp:term":[{"taxonomy":"category","embeddable":true,"href":"https:\/\/www.elpolitologoyelpolitico.com.ar\/wordpress\/wp-json\/wp\/v2\/categories?post=44156"},{"taxonomy":"post_tag","embeddable":true,"href":"https:\/\/www.elpolitologoyelpolitico.com.ar\/wordpress\/wp-json\/wp\/v2\/tags?post=44156"}],"curies":[{"name":"wp","href":"https:\/\/api.w.org\/{rel}","templated":true}]}}