{"id":44072,"date":"2026-03-01T19:02:14","date_gmt":"2026-03-01T22:02:14","guid":{"rendered":"https:\/\/www.elpolitologoyelpolitico.com.ar\/wordpress\/?p=44072"},"modified":"2026-03-02T12:04:20","modified_gmt":"2026-03-02T15:04:20","slug":"vox-propuso-frenar-la-regularizacion-de-los-inmigrantes-ilegales-pero-el-pp-no-apoyo-la-mocion","status":"publish","type":"post","link":"https:\/\/www.elpolitologoyelpolitico.com.ar\/wordpress\/2026\/03\/01\/vox-propuso-frenar-la-regularizacion-de-los-inmigrantes-ilegales-pero-el-pp-no-apoyo-la-mocion\/","title":{"rendered":"Vox propus\u00f3 frenar la regularizaci\u00f3n de los inmigrantes ilegales pero el PP no apoy\u00f3 la moci\u00f3n"},"content":{"rendered":"\n<p>Los concejales de VOX (Partido de Derecha. Escrito en lat\u00edn cuyo significado es \u00abvoz\u00bb), Patricia Gonz\u00e1lez y Gerardo Gonz\u00e1lez, defendieron una iniciativa que instaba al Gobierno central a dar marcha atr\u00e1s en la regularizaci\u00f3n extraordinaria de 500.000 extranjeros irregulares, pero se toparon con el rechazo del PSOE (Partido Socialista Obrero Espa\u00f1ol) y la falta de respaldo del PP (Partido Popular). Finalmente no prosper\u00f3 al no obtener los apoyos necesarios.<\/p>\n\n\n\n<p>Los concejales de VOX argumentaron que estas medidas generan un efecto negativo que, a su juicio, debilita el principio de legalidad y satura los servicios p\u00fablicos. Seg\u00fan los ediles de VOX, la regularizaci\u00f3n promovida por el Ejecutivo central mediante un Real Decreto evita el debate parlamentario y supone una amenaza para la \u00abseguridad y la convivencia\u00bb en municipios como Ponferrada.<\/p>\n\n\n\n<p>Uno de los puntos clave de la sesi\u00f3n fue la postura del Partido Popular. En Ponferrada decidieron no apoyar la moci\u00f3n de VOX. Esta falta de respaldo impidi\u00f3 que la propuesta saliera adelante, provocando el malestar en las filas de la formaci\u00f3n de Santiago Abascal, que lament\u00f3 que el PP \u00abvuelva a dar la espalda\u00bb a una iniciativa que consideran fundamental para la defensa de los intereses nacionales.<\/p>\n\n\n\n<p>Por su parte, el PSOE vot\u00f3 en contra de la moci\u00f3n de forma tajante. Los socialistas defendieron la legalidad y la necesidad \u201chumanitaria\u201d y econ\u00f3mica de regularizar a las personas que ya viven en el pa\u00eds, calificando la propuesta de VOX como una medida basada en la \u00abconfrontaci\u00f3n\u00bb.<\/p>\n\n\n\n<p>Finalmente, la moci\u00f3n fue rechazada tras una votaci\u00f3n en la que el PSOE se posicion\u00f3 en contra, el PP no otorg\u00f3 su voto favorable y Coalici\u00f3n por El Bierzo opt\u00f3 por la abstenci\u00f3n. El resultado deja patente la fractura existente respecto a la gesti\u00f3n de la inmigraci\u00f3n, un tema que promete seguir centrando el debate pol\u00edtico local en los pr\u00f3ximos meses.<\/p>\n<div class=\"fb-background-color\">\n\t\t\t  <div \n\t\t\t  \tclass = \"fb-comments\" \n\t\t\t  \tdata-href = \"https:\/\/www.elpolitologoyelpolitico.com.ar\/wordpress\/2026\/03\/01\/vox-propuso-frenar-la-regularizacion-de-los-inmigrantes-ilegales-pero-el-pp-no-apoyo-la-mocion\/\"\n\t\t\t  \tdata-numposts = \"10\"\n\t\t\t  \tdata-lazy = \"true\"\n\t\t\t\tdata-colorscheme = \"light\"\n\t\t\t\tdata-order-by = \"social\"\n\t\t\t\tdata-mobile=true>\n\t\t\t  <\/div><\/div>\n\t\t  <style>\n\t\t    .fb-background-color {\n\t\t\t\tbackground: #ffffff !important;\n\t\t\t}\n\t\t\t.fb_iframe_widget_fluid_desktop iframe {\n\t\t\t    width: 100% !important;\n\t\t\t}\n\t\t  <\/style>\n\t\t  ","protected":false},"excerpt":{"rendered":"<p>Los concejales de VOX (Partido de Derecha. Escrito en lat\u00edn cuyo significado es \u00abvoz\u00bb), Patricia Gonz\u00e1lez y Gerardo Gonz\u00e1lez, defendieron una iniciativa que instaba al Gobierno central a dar marcha atr\u00e1s en la regularizaci\u00f3n extraordinaria de 500.000 extranjeros irregulares, pero se toparon con el rechazo del PSOE (Partido Socialista Obrero Espa\u00f1ol) y la falta de [&hellip;]<\/p>\n","protected":false},"author":4,"featured_media":44073,"comment_status":"closed","ping_status":"closed","sticky":false,"template":"","format":"standard","meta":{"_joinchat":[],"footnotes":""},"categories":[21],"tags":[],"class_list":["post-44072","post","type-post","status-publish","format-standard","has-post-thumbnail","hentry","category-actores-politicos"],"_links":{"self":[{"href":"https:\/\/www.elpolitologoyelpolitico.com.ar\/wordpress\/wp-json\/wp\/v2\/posts\/44072","targetHints":{"allow":["GET"]}}],"collection":[{"href":"https:\/\/www.elpolitologoyelpolitico.com.ar\/wordpress\/wp-json\/wp\/v2\/posts"}],"about":[{"href":"https:\/\/www.elpolitologoyelpolitico.com.ar\/wordpress\/wp-json\/wp\/v2\/types\/post"}],"author":[{"embeddable":true,"href":"https:\/\/www.elpolitologoyelpolitico.com.ar\/wordpress\/wp-json\/wp\/v2\/users\/4"}],"replies":[{"embeddable":true,"href":"https:\/\/www.elpolitologoyelpolitico.com.ar\/wordpress\/wp-json\/wp\/v2\/comments?post=44072"}],"version-history":[{"count":2,"href":"https:\/\/www.elpolitologoyelpolitico.com.ar\/wordpress\/wp-json\/wp\/v2\/posts\/44072\/revisions"}],"predecessor-version":[{"id":44107,"href":"https:\/\/www.elpolitologoyelpolitico.com.ar\/wordpress\/wp-json\/wp\/v2\/posts\/44072\/revisions\/44107"}],"wp:featuredmedia":[{"embeddable":true,"href":"https:\/\/www.elpolitologoyelpolitico.com.ar\/wordpress\/wp-json\/wp\/v2\/media\/44073"}],"wp:attachment":[{"href":"https:\/\/www.elpolitologoyelpolitico.com.ar\/wordpress\/wp-json\/wp\/v2\/media?parent=44072"}],"wp:term":[{"taxonomy":"category","embeddable":true,"href":"https:\/\/www.elpolitologoyelpolitico.com.ar\/wordpress\/wp-json\/wp\/v2\/categories?post=44072"},{"taxonomy":"post_tag","embeddable":true,"href":"https:\/\/www.elpolitologoyelpolitico.com.ar\/wordpress\/wp-json\/wp\/v2\/tags?post=44072"}],"curies":[{"name":"wp","href":"https:\/\/api.w.org\/{rel}","templated":true}]}}