{"id":43971,"date":"2026-02-23T11:09:45","date_gmt":"2026-02-23T14:09:45","guid":{"rendered":"https:\/\/www.elpolitologoyelpolitico.com.ar\/wordpress\/?p=43971"},"modified":"2026-02-23T11:09:46","modified_gmt":"2026-02-23T14:09:46","slug":"juan-martin-estamos-ante-una-modernizacion-laboral-que-la-argentina-necesita-de-raiz","status":"publish","type":"post","link":"https:\/\/www.elpolitologoyelpolitico.com.ar\/wordpress\/2026\/02\/23\/juan-martin-estamos-ante-una-modernizacion-laboral-que-la-argentina-necesita-de-raiz\/","title":{"rendered":"Juan Mart\u00edn: \u00abEstamos ante una modernizaci\u00f3n laboral que la Argentina necesita de ra\u00edz\u00bb"},"content":{"rendered":"\n<figure class=\"wp-block-audio\"><audio controls src=\"https:\/\/www.elpolitologoyelpolitico.com.ar\/wp-content\/uploads\/2026\/02\/2026-02-23-Juan-Martin.mp3\"><\/audio><\/figure>\n\n\n\n<p>Tras una intensa agenda en la Ciudad de Buenos Aires, el legislador provincial Juan Mart\u00edn (PRO) dialog\u00f3 con este medio sobre los ejes que marcan la coyuntura pol\u00edtica y econ\u00f3mica. Con una mirada puesta en la transformaci\u00f3n de la matriz productiva de R\u00edo Negro, Mart\u00edn defendi\u00f3 la necesidad de actualizar las normativas vigentes y proyect\u00f3 un a\u00f1o de debates profundos en la Legislatura rionegrina.<\/p>\n\n\n\n<p>Para el legislador, el debate sobre las leyes de trabajo no es una cuesti\u00f3n meramente t\u00e9cnica, sino una urgencia hist\u00f3rica. <strong>\u00abM\u00e1s que una reforma laboral, de lo que estamos hablando es de una modernizaci\u00f3n laboral. Las leyes actuales tienen 50 a\u00f1os, son tiempos en que no hab\u00eda internet ni teletrabajo\u00bb<\/strong>, se\u00f1al\u00f3, subrayando que el marco normativo actual ha quedado anacr\u00f3nico frente a una realidad donde la mitad del empleo es informal.<\/p>\n\n\n\n<p>Mart\u00edn hizo especial hincapi\u00e9 en el impacto local de estos cambios, vincul\u00e1ndolos al auge de sectores estrat\u00e9gicos: <strong>\u00abEl impacto en R\u00edo Negro es muy importante porque estamos asistiendo a un momento hist\u00f3rico donde la matriz productiva est\u00e1 cambiando; nos estamos convirtiendo en un actor preponderante del sector energ\u00e9tico y minero\u00bb.<\/strong><\/p>\n\n\n\n<p>Asimismo, advirti\u00f3 sobre la necesidad de terminar con la \u00abindustria del juicio\u00bb que afecta a los peque\u00f1os emprendedores. <strong>\u00abEl temor de contratar una persona porque despu\u00e9s ten\u00e9s alg\u00fan contratiempo y termin\u00e1s con un juicio era moneda corriente en Argentina. La norma viene a simplificar la vida al emprendedor\u00bb<\/strong>, afirm\u00f3.<\/p>\n\n\n\n<p>Otro de los puntos \u00e1lgidos de la entrevista fue la postura del bloque PRO respecto a la baja de la edad de imputabilidad. Mart\u00edn confirm\u00f3 el apoyo total a la medida, argumentando que las organizaciones criminales utilizan a menores debido a la falta de consecuencias legales actuales.<\/p>\n\n\n\n<p>Sin embargo, lanz\u00f3 una advertencia al Ejecutivo provincial sobre la implementaci\u00f3n: <strong>\u00abUn r\u00e9gimen penal juvenil requiere mucha inversi\u00f3n y no se trata de meter presos menores con los mayores. El Estado tiene que tener una mirada de recuperaci\u00f3n y no solo punitiva\u00bb.<\/strong><\/p>\n\n\n\n<p>De cara a las sesiones extraordinarias, el legislador adelant\u00f3 que acompa\u00f1ar\u00e1n la reforma de la Ley de Ministerios y, fundamentalmente, el acuerdo con YPF por el proyecto GNL Patagonia. <strong>\u00abVamos a ser el hub m\u00e1s importante exportador de Argentina. R\u00edo Negro se la ha pasado dejando pasar oportunidades (hidr\u00f3geno verde, planta nuclear)&#8230; ahora hay que dejar de lado cualquier diferencia porque esto es traer desarrollo\u00bb<\/strong>, enfatiz\u00f3.<\/p>\n\n\n\n<p>No obstante, critic\u00f3 la actitud del oficialismo provincial respecto a proyectos de la oposici\u00f3n que permanecen \u00abcajoneados\u00bb, como la Boleta \u00danica de Papel, la educaci\u00f3n financiera y la quita de planes sociales a usurpadores de tierras.<\/p>\n\n\n\n<p>En el plano partidario, Mart\u00edn comparti\u00f3 detalles de su reciente encuentro con Mauricio Macri, a quien vio \u00abcon muchas ganas y entusiasmo\u00bb, aunque preocupado por la recesi\u00f3n actual. De cara a la renovaci\u00f3n de autoridades en mayo, el legislador no descart\u00f3 nuevas alianzas en la provincia, aunque marc\u00f3 una distancia \u00e9tica insalvable con referentes de otros espacios, haciendo alusi\u00f3n a Lorena Villaverde, la diputada nacional que no pudo asumir su banca en el Senado por inhabilidad moral.<\/p>\n\n\n\n<p><strong>\u00abProbablemente podamos tener un marco de entendimiento con La Libertad Avanza en R\u00edo Negro\u00bb<\/strong>, desliz\u00f3, aunque aclar\u00f3 que el PRO mantiene su identidad propia de 25 a\u00f1os: <strong>\u00abNo somos un partido con un patr\u00f3n de estancia; somos un partido con una vida org\u00e1nica que funciona\u00bb.<\/strong><\/p>\n<div class=\"fb-background-color\">\n\t\t\t  <div \n\t\t\t  \tclass = \"fb-comments\" \n\t\t\t  \tdata-href = \"https:\/\/www.elpolitologoyelpolitico.com.ar\/wordpress\/2026\/02\/23\/juan-martin-estamos-ante-una-modernizacion-laboral-que-la-argentina-necesita-de-raiz\/\"\n\t\t\t  \tdata-numposts = \"10\"\n\t\t\t  \tdata-lazy = \"true\"\n\t\t\t\tdata-colorscheme = \"light\"\n\t\t\t\tdata-order-by = \"social\"\n\t\t\t\tdata-mobile=true>\n\t\t\t  <\/div><\/div>\n\t\t  <style>\n\t\t    .fb-background-color {\n\t\t\t\tbackground: #ffffff !important;\n\t\t\t}\n\t\t\t.fb_iframe_widget_fluid_desktop iframe {\n\t\t\t    width: 100% !important;\n\t\t\t}\n\t\t  <\/style>\n\t\t  ","protected":false},"excerpt":{"rendered":"<p>Tras una intensa agenda en la Ciudad de Buenos Aires, el legislador provincial Juan Mart\u00edn (PRO) dialog\u00f3 con este medio sobre los ejes que marcan la coyuntura pol\u00edtica y econ\u00f3mica. Con una mirada puesta en la transformaci\u00f3n de la matriz productiva de R\u00edo Negro, Mart\u00edn defendi\u00f3 la necesidad de actualizar las normativas vigentes y proyect\u00f3 [&hellip;]<\/p>\n","protected":false},"author":4,"featured_media":43973,"comment_status":"closed","ping_status":"closed","sticky":false,"template":"","format":"standard","meta":{"_joinchat":[],"footnotes":""},"categories":[21],"tags":[],"class_list":["post-43971","post","type-post","status-publish","format-standard","has-post-thumbnail","hentry","category-actores-politicos"],"_links":{"self":[{"href":"https:\/\/www.elpolitologoyelpolitico.com.ar\/wordpress\/wp-json\/wp\/v2\/posts\/43971","targetHints":{"allow":["GET"]}}],"collection":[{"href":"https:\/\/www.elpolitologoyelpolitico.com.ar\/wordpress\/wp-json\/wp\/v2\/posts"}],"about":[{"href":"https:\/\/www.elpolitologoyelpolitico.com.ar\/wordpress\/wp-json\/wp\/v2\/types\/post"}],"author":[{"embeddable":true,"href":"https:\/\/www.elpolitologoyelpolitico.com.ar\/wordpress\/wp-json\/wp\/v2\/users\/4"}],"replies":[{"embeddable":true,"href":"https:\/\/www.elpolitologoyelpolitico.com.ar\/wordpress\/wp-json\/wp\/v2\/comments?post=43971"}],"version-history":[{"count":1,"href":"https:\/\/www.elpolitologoyelpolitico.com.ar\/wordpress\/wp-json\/wp\/v2\/posts\/43971\/revisions"}],"predecessor-version":[{"id":43974,"href":"https:\/\/www.elpolitologoyelpolitico.com.ar\/wordpress\/wp-json\/wp\/v2\/posts\/43971\/revisions\/43974"}],"wp:featuredmedia":[{"embeddable":true,"href":"https:\/\/www.elpolitologoyelpolitico.com.ar\/wordpress\/wp-json\/wp\/v2\/media\/43973"}],"wp:attachment":[{"href":"https:\/\/www.elpolitologoyelpolitico.com.ar\/wordpress\/wp-json\/wp\/v2\/media?parent=43971"}],"wp:term":[{"taxonomy":"category","embeddable":true,"href":"https:\/\/www.elpolitologoyelpolitico.com.ar\/wordpress\/wp-json\/wp\/v2\/categories?post=43971"},{"taxonomy":"post_tag","embeddable":true,"href":"https:\/\/www.elpolitologoyelpolitico.com.ar\/wordpress\/wp-json\/wp\/v2\/tags?post=43971"}],"curies":[{"name":"wp","href":"https:\/\/api.w.org\/{rel}","templated":true}]}}