{"id":43891,"date":"2026-02-17T14:33:36","date_gmt":"2026-02-17T17:33:36","guid":{"rendered":"https:\/\/www.elpolitologoyelpolitico.com.ar\/wordpress\/?p=43891"},"modified":"2026-02-17T14:37:47","modified_gmt":"2026-02-17T17:37:47","slug":"diego-recalde-la-izquierda-no-deberia-participar-en-las-elecciones-porque-propone-golpes-de-estado-cuando-no-gana","status":"publish","type":"post","link":"https:\/\/www.elpolitologoyelpolitico.com.ar\/wordpress\/2026\/02\/17\/diego-recalde-la-izquierda-no-deberia-participar-en-las-elecciones-porque-propone-golpes-de-estado-cuando-no-gana\/","title":{"rendered":"Diego Recalde: \u00abLa Izquierda no deber\u00eda participar en las elecciones, porque propone golpes de Estado cuando no gana\u00bb"},"content":{"rendered":"\n<p>En una reciente entrevista, el analista, Diego Recalde, lanz\u00f3 una dura cr\u00edtica contra los sectores de izquierda en Argentina, tras los incidentes registrados en las manifestaciones contra la reforma laboral. Recalde centr\u00f3 su discurso en la figura de Milton Tolomeo, el militante anarquista detenido por arrojar una bomba molotov a las fuerzas de seguridad.<\/p>\n\n\n\n<p>Para Recalde, el debate sobre la infiltraci\u00f3n en las protestas sociales debe girar hacia un an\u00e1lisis sist\u00e9mico. Seg\u00fan el comunicador, no se trata solo de individuos aislados en una marcha, sino de una estrategia pol\u00edtica m\u00e1s profunda:<\/p>\n\n\n\n<p><strong>\u00abLa izquierda infiltr\u00f3 la democracia, esos son los verdaderos infiltrados. Es un militante que se meti\u00f3 en un sistema que propone que las cosas se resuelvan mediante el voto y \u00e9l propone lo contrario: tomar el poder mediante la violencia\u00bb.<\/strong><\/p>\n\n\n\n<p>Uno de los puntos m\u00e1s provocadores de su exposici\u00f3n fue el cuestionamiento a la legitimidad de la Izquierda para participar en la contienda democr\u00e1tica. Recalde argument\u00f3 que existe una contradicci\u00f3n intr\u00ednseca en el uso de las instituciones por parte de sectores que, a su juicio, no respetan los resultados de las urnas.<\/p>\n\n\n\n<ul class=\"wp-block-list\">\n<li>La premisa: La Izquierda no deber\u00eda participar en elecciones porque propone \u00abgolpes de Estado\u00bb cuando el resultado no le favorece.<\/li>\n\n\n\n<li>La evidencia: El intento de irrumpir en el Congreso de la Naci\u00f3n ante votaciones que no cuentan con su aprobaci\u00f3n.<\/li>\n\n\n\n<li>El esp\u00edritu: Para el analista, detr\u00e1s de estas acciones se esconde una \u00abactitud golpista\u00bb que busca subvertir la voluntad de la mayor\u00eda.<\/li>\n<\/ul>\n\n\n\n<h3 class=\"wp-block-heading\">&nbsp;<\/h3>\n\n\n\n<h3 class=\"wp-block-heading\"><strong>\u00abLos golpistas siempre fueron ellos\u00bb<\/strong>. Recalde critic\u00f3 las consignas que tildan de \u00abdictadura\u00bb al gobierno de Javier Milei o que exigen su salida anticipada del poder.<\/h3>\n\n\n\n<p><strong>\u00abEs un tipo que fue votado para que gobierne cuatro a\u00f1os\u00bb<\/strong><strong>,<\/strong> enfatiz\u00f3, subrayando que tildar de dictador a un presidente electo democr\u00e1ticamente es la prueba final de que el esp\u00edritu antidemocr\u00e1tico reside en quienes protestan con violencia<strong>. \u00abLo que te est\u00e1 contando es que, en realidad, los golpistas siempre fueron ellos\u00bb<\/strong>, concluy\u00f3.<\/p>\n<div class=\"fb-background-color\">\n\t\t\t  <div \n\t\t\t  \tclass = \"fb-comments\" \n\t\t\t  \tdata-href = \"https:\/\/www.elpolitologoyelpolitico.com.ar\/wordpress\/2026\/02\/17\/diego-recalde-la-izquierda-no-deberia-participar-en-las-elecciones-porque-propone-golpes-de-estado-cuando-no-gana\/\"\n\t\t\t  \tdata-numposts = \"10\"\n\t\t\t  \tdata-lazy = \"true\"\n\t\t\t\tdata-colorscheme = \"light\"\n\t\t\t\tdata-order-by = \"social\"\n\t\t\t\tdata-mobile=true>\n\t\t\t  <\/div><\/div>\n\t\t  <style>\n\t\t    .fb-background-color {\n\t\t\t\tbackground: #ffffff !important;\n\t\t\t}\n\t\t\t.fb_iframe_widget_fluid_desktop iframe {\n\t\t\t    width: 100% !important;\n\t\t\t}\n\t\t  <\/style>\n\t\t  ","protected":false},"excerpt":{"rendered":"<p>En una reciente entrevista, el analista, Diego Recalde, lanz\u00f3 una dura cr\u00edtica contra los sectores de izquierda en Argentina, tras los incidentes registrados en las manifestaciones contra la reforma laboral. Recalde centr\u00f3 su discurso en la figura de Milton Tolomeo, el militante anarquista detenido por arrojar una bomba molotov a las fuerzas de seguridad. Para [&hellip;]<\/p>\n","protected":false},"author":4,"featured_media":43892,"comment_status":"closed","ping_status":"closed","sticky":false,"template":"","format":"standard","meta":{"_joinchat":[],"footnotes":""},"categories":[21],"tags":[],"class_list":["post-43891","post","type-post","status-publish","format-standard","has-post-thumbnail","hentry","category-actores-politicos"],"_links":{"self":[{"href":"https:\/\/www.elpolitologoyelpolitico.com.ar\/wordpress\/wp-json\/wp\/v2\/posts\/43891","targetHints":{"allow":["GET"]}}],"collection":[{"href":"https:\/\/www.elpolitologoyelpolitico.com.ar\/wordpress\/wp-json\/wp\/v2\/posts"}],"about":[{"href":"https:\/\/www.elpolitologoyelpolitico.com.ar\/wordpress\/wp-json\/wp\/v2\/types\/post"}],"author":[{"embeddable":true,"href":"https:\/\/www.elpolitologoyelpolitico.com.ar\/wordpress\/wp-json\/wp\/v2\/users\/4"}],"replies":[{"embeddable":true,"href":"https:\/\/www.elpolitologoyelpolitico.com.ar\/wordpress\/wp-json\/wp\/v2\/comments?post=43891"}],"version-history":[{"count":3,"href":"https:\/\/www.elpolitologoyelpolitico.com.ar\/wordpress\/wp-json\/wp\/v2\/posts\/43891\/revisions"}],"predecessor-version":[{"id":43895,"href":"https:\/\/www.elpolitologoyelpolitico.com.ar\/wordpress\/wp-json\/wp\/v2\/posts\/43891\/revisions\/43895"}],"wp:featuredmedia":[{"embeddable":true,"href":"https:\/\/www.elpolitologoyelpolitico.com.ar\/wordpress\/wp-json\/wp\/v2\/media\/43892"}],"wp:attachment":[{"href":"https:\/\/www.elpolitologoyelpolitico.com.ar\/wordpress\/wp-json\/wp\/v2\/media?parent=43891"}],"wp:term":[{"taxonomy":"category","embeddable":true,"href":"https:\/\/www.elpolitologoyelpolitico.com.ar\/wordpress\/wp-json\/wp\/v2\/categories?post=43891"},{"taxonomy":"post_tag","embeddable":true,"href":"https:\/\/www.elpolitologoyelpolitico.com.ar\/wordpress\/wp-json\/wp\/v2\/tags?post=43891"}],"curies":[{"name":"wp","href":"https:\/\/api.w.org\/{rel}","templated":true}]}}