{"id":43769,"date":"2026-01-22T13:40:37","date_gmt":"2026-01-22T16:40:37","guid":{"rendered":"https:\/\/www.elpolitologoyelpolitico.com.ar\/wordpress\/?p=43769"},"modified":"2026-01-22T13:40:38","modified_gmt":"2026-01-22T16:40:38","slug":"argentina-se-consolida-como-socio-estrategico-global-milei-firma-el-consejo-de-la-paz-de-trump-en-davos","status":"publish","type":"post","link":"https:\/\/www.elpolitologoyelpolitico.com.ar\/wordpress\/2026\/01\/22\/argentina-se-consolida-como-socio-estrategico-global-milei-firma-el-consejo-de-la-paz-de-trump-en-davos\/","title":{"rendered":"Argentina se consolida como socio estrat\u00e9gico global: Milei firma el \u00abConsejo de la Paz\u00bb de Trump en Davos"},"content":{"rendered":"\n<p>En un movimiento que redefine el tablero geopol\u00edtico regional, el presidente Javier Milei ha sellado este jueves la incorporaci\u00f3n de la Rep\u00fablica Argentina como miembro fundador del Consejo de la Paz (o Board of Peace). La firma, realizada en el marco del Foro Econ\u00f3mico Mundial, sit\u00faa al pa\u00eds en el n\u00facleo de la nueva arquitectura de seguridad internacional impulsada por el mandatario estadounidense Donald Trump.<\/p>\n\n\n\n<p>Este hito representa no solo un alineamiento ideol\u00f3gico, sino un salto cualitativo en la relevancia diplom\u00e1tica de Argentina, que ahora participar\u00e1 activamente en la toma de decisiones sobre conflictos cr\u00edticos, comenzando por la pacificaci\u00f3n y administraci\u00f3n transitoria de la Franja de Gaza.<\/p>\n\n\n\n<p>La invitaci\u00f3n de Trump a Milei para ser parte de la Junta Ejecutiva fundacional es interpretada como un reconocimiento a la \u00abclaridad moral\u00bb de la actual gesti\u00f3n argentina. A diferencia de otros organismos multilaterales, el Consejo de la Paz busca una ejecuci\u00f3n directa y pragm\u00e1tica de la diplomacia.<\/p>\n\n\n\n<ul class=\"wp-block-list\">\n<li>Liderazgo compartido: Argentina integra el consejo junto a potencias y actores clave como Turqu\u00eda, Arabia Saudita, Emiratos \u00c1rabes Unidos y Hungr\u00eda.<\/li>\n\n\n\n<li>Misi\u00f3n prioritaria: La primera fase del plan se centra en el fin de las hostilidades en Medio Oriente, el desarme de grupos terroristas y la reconstrucci\u00f3n econ\u00f3mica de las zonas afectadas.<\/li>\n\n\n\n<li>Estatus de socio: Trump destac\u00f3 p\u00fablicamente la figura de Milei, se\u00f1alando que la presencia argentina es vital para el \u00e9xito de este nuevo enfoque que busca la \u00abgrandeza a trav\u00e9s de la paz\u00bb.<\/li>\n<\/ul>\n\n\n\n<p>Para la Casa Rosada, este acuerdo es la culminaci\u00f3n de un proceso de reinserci\u00f3n en el mundo. Al participar en el Consejo de la Paz, Argentina accede a un foro de alt\u00edsimo nivel donde se discutir\u00e1n, adem\u00e1s de la seguridad, proyectos de prosperidad econ\u00f3mica y cooperaci\u00f3n tecnol\u00f3gica.<\/p>\n\n\n\n<p><strong>\u00abArgentina vuelve a ser un referente para el mundo.<\/strong><strong> Estar en la g\u00e9nesis de este Consejo nos coloca del lado correcto de la historia: el de la libertad y la lucha contra el terrorismo\u00bb<\/strong>, se\u00f1alaron fuentes de la delegaci\u00f3n argentina en Suiza.<\/p>\n\n\n\n<p>Claves del Consejo de la Paz<\/p>\n\n\n\n<figure class=\"wp-block-table\"><table class=\"has-fixed-layout\"><thead><tr><td>Caracter\u00edstica<\/td><td>Detalle<\/td><\/tr><\/thead><tbody><tr><td>Liderazgo<\/td><td>Presidido por Donald Trump con participaci\u00f3n de figuras como Marco Rubio y Jared Kushner.<\/td><\/tr><tr><td>Objetivo<\/td><td>Establecer una paz duradera mediante acuerdos directos y desarrollo econ\u00f3mico.<\/td><\/tr><tr><td>Miembros<\/td><td>19 naciones fundadoras, incluyendo a Argentina como principal aliado sudamericano.<\/td><\/tr><tr><td>Sede de firma<\/td><td>Davos, Suiza (Enero 2026).<\/td><\/tr><\/tbody><\/table><\/figure>\n\n\n\n<p>Con este paso, el gobierno de Javier Milei no solo refuerza su alianza con los Estados Unidos, sino que proyecta a la Argentina como una voz influyente en la resoluci\u00f3n de los desaf\u00edos m\u00e1s complejos del siglo XXI. El pa\u00eds deja de ser un espectador para convertirse en un arquitecto de la paz mundial.<\/p>\n<div class=\"fb-background-color\">\n\t\t\t  <div \n\t\t\t  \tclass = \"fb-comments\" \n\t\t\t  \tdata-href = \"https:\/\/www.elpolitologoyelpolitico.com.ar\/wordpress\/2026\/01\/22\/argentina-se-consolida-como-socio-estrategico-global-milei-firma-el-consejo-de-la-paz-de-trump-en-davos\/\"\n\t\t\t  \tdata-numposts = \"10\"\n\t\t\t  \tdata-lazy = \"true\"\n\t\t\t\tdata-colorscheme = \"light\"\n\t\t\t\tdata-order-by = \"social\"\n\t\t\t\tdata-mobile=true>\n\t\t\t  <\/div><\/div>\n\t\t  <style>\n\t\t    .fb-background-color {\n\t\t\t\tbackground: #ffffff !important;\n\t\t\t}\n\t\t\t.fb_iframe_widget_fluid_desktop iframe {\n\t\t\t    width: 100% !important;\n\t\t\t}\n\t\t  <\/style>\n\t\t  ","protected":false},"excerpt":{"rendered":"<p>En un movimiento que redefine el tablero geopol\u00edtico regional, el presidente Javier Milei ha sellado este jueves la incorporaci\u00f3n de la Rep\u00fablica Argentina como miembro fundador del Consejo de la Paz (o Board of Peace). La firma, realizada en el marco del Foro Econ\u00f3mico Mundial, sit\u00faa al pa\u00eds en el n\u00facleo de la nueva arquitectura [&hellip;]<\/p>\n","protected":false},"author":4,"featured_media":43770,"comment_status":"closed","ping_status":"closed","sticky":false,"template":"","format":"standard","meta":{"_joinchat":[],"footnotes":""},"categories":[21],"tags":[],"class_list":["post-43769","post","type-post","status-publish","format-standard","has-post-thumbnail","hentry","category-actores-politicos"],"_links":{"self":[{"href":"https:\/\/www.elpolitologoyelpolitico.com.ar\/wordpress\/wp-json\/wp\/v2\/posts\/43769","targetHints":{"allow":["GET"]}}],"collection":[{"href":"https:\/\/www.elpolitologoyelpolitico.com.ar\/wordpress\/wp-json\/wp\/v2\/posts"}],"about":[{"href":"https:\/\/www.elpolitologoyelpolitico.com.ar\/wordpress\/wp-json\/wp\/v2\/types\/post"}],"author":[{"embeddable":true,"href":"https:\/\/www.elpolitologoyelpolitico.com.ar\/wordpress\/wp-json\/wp\/v2\/users\/4"}],"replies":[{"embeddable":true,"href":"https:\/\/www.elpolitologoyelpolitico.com.ar\/wordpress\/wp-json\/wp\/v2\/comments?post=43769"}],"version-history":[{"count":1,"href":"https:\/\/www.elpolitologoyelpolitico.com.ar\/wordpress\/wp-json\/wp\/v2\/posts\/43769\/revisions"}],"predecessor-version":[{"id":43771,"href":"https:\/\/www.elpolitologoyelpolitico.com.ar\/wordpress\/wp-json\/wp\/v2\/posts\/43769\/revisions\/43771"}],"wp:featuredmedia":[{"embeddable":true,"href":"https:\/\/www.elpolitologoyelpolitico.com.ar\/wordpress\/wp-json\/wp\/v2\/media\/43770"}],"wp:attachment":[{"href":"https:\/\/www.elpolitologoyelpolitico.com.ar\/wordpress\/wp-json\/wp\/v2\/media?parent=43769"}],"wp:term":[{"taxonomy":"category","embeddable":true,"href":"https:\/\/www.elpolitologoyelpolitico.com.ar\/wordpress\/wp-json\/wp\/v2\/categories?post=43769"},{"taxonomy":"post_tag","embeddable":true,"href":"https:\/\/www.elpolitologoyelpolitico.com.ar\/wordpress\/wp-json\/wp\/v2\/tags?post=43769"}],"curies":[{"name":"wp","href":"https:\/\/api.w.org\/{rel}","templated":true}]}}